{"id":4256,"date":"2017-06-14T09:18:16","date_gmt":"2017-06-14T09:18:16","guid":{"rendered":"http:\/\/www.tormiq.com\/?p=4256\/"},"modified":"2017-06-14T09:18:16","modified_gmt":"2017-06-14T09:18:16","slug":"salimos-la-tele","status":"publish","type":"post","link":"https:\/\/www.tormiq.com\/es\/salimos-la-tele\/","title":{"rendered":"Salimos en la tele!"},"content":{"rendered":"<h1>En Tormiq imprenta hemos salido en la tele!<\/h1>\n<p>El cap\u00edtulo 21 de la serie <a href=\"http:\/\/www.ccma.cat\/tv3\/alacarta\/nit-i-dia\/\" target=\"_blank\" rel=\"noopener\">Nit i Dia<\/a> de <a href=\"http:\/\/www.ccma.cat\/tv3\/\" target=\"_blank\" rel=\"noopener\">TV3<\/a> del d\u00eda 12\/06\/2017\u00a0donde una parte fue rodada junto a nuestra tienda en Sarri\u00e0, durante unos instantes aparecmos en la tele.<\/p>\n<p>No somos ni protagonistas, ni secundarios, pero nos ha hecho ilusi\u00f3n salir por televisi\u00f3n y formar parte de esta ficci\u00f3n con\u00a0<a href=\"https:\/\/twitter.com\/clara_segura?lang=es\" target=\"_blank\" rel=\"noopener\">Clara Segura<\/a> encabezando el reparto.<\/p>\n<p>Esperamos haber estado a la altura de los grandes artistas y qui\u00e9n sabe, quiz\u00e1s alg\u00fan caza-talentos se fija en nosotros y nos da una oportunidad alg\u00fan d\u00eda, de momento seguiremos haciendo nuestro trabajo, la impresi\u00f3n offset y digital, que es el que mejor se nos da.<\/p>\n<p>Pod\u00e9is\u00a0disfrutar del episodio al siguiente enlace: <a href=\"http:\/\/www.ccma.cat\/tv3\/alacarta\/nit-i-dia\/nocturn\/video\/5672567\/\">http:\/\/www.ccma.cat\/tv3\/alacarta\/nit-i-dia\/nocturn\/video\/5672567\/<\/a><\/p>\n<p>&nbsp;<\/p>\n<p><a href=\"http:\/\/www.tormiq.com\/wp-content\/uploads\/2017\/06\/tormiqTV_1.png\"><img loading=\"lazy\" decoding=\"async\" class=\"aligncenter wp-image-4251 size-full\" src=\"http:\/\/www.tormiq.com\/wp-content\/uploads\/2017\/06\/tormiqTV_1.png\" alt=\"tormiq, imprenta, impresion, tv, tele\" width=\"787\" height=\"750\" srcset=\"https:\/\/www.tormiq.com\/wp-content\/uploads\/2017\/06\/tormiqTV_1.png 787w, https:\/\/www.tormiq.com\/wp-content\/uploads\/2017\/06\/tormiqTV_1-600x572.png 600w, https:\/\/www.tormiq.com\/wp-content\/uploads\/2017\/06\/tormiqTV_1-300x286.png 300w, https:\/\/www.tormiq.com\/wp-content\/uploads\/2017\/06\/tormiqTV_1-768x732.png 768w, https:\/\/www.tormiq.com\/wp-content\/uploads\/2017\/06\/tormiqTV_1-705x672.png 705w\" sizes=\"auto, (max-width: 787px) 100vw, 787px\" \/><\/a> <a href=\"http:\/\/www.tormiq.com\/wp-content\/uploads\/2017\/06\/tormiqTV_2.png\"><img loading=\"lazy\" decoding=\"async\" class=\"aligncenter wp-image-4252 size-full\" src=\"http:\/\/www.tormiq.com\/wp-content\/uploads\/2017\/06\/tormiqTV_2.png\" alt=\"tormiq, imprenta, impresion, tv, tele\" width=\"787\" height=\"373\" srcset=\"https:\/\/www.tormiq.com\/wp-content\/uploads\/2017\/06\/tormiqTV_2.png 787w, https:\/\/www.tormiq.com\/wp-content\/uploads\/2017\/06\/tormiqTV_2-600x284.png 600w, https:\/\/www.tormiq.com\/wp-content\/uploads\/2017\/06\/tormiqTV_2-300x142.png 300w, https:\/\/www.tormiq.com\/wp-content\/uploads\/2017\/06\/tormiqTV_2-768x364.png 768w, https:\/\/www.tormiq.com\/wp-content\/uploads\/2017\/06\/tormiqTV_2-705x334.png 705w\" sizes=\"auto, (max-width: 787px) 100vw, 787px\" \/><\/a> <a href=\"http:\/\/www.tormiq.com\/wp-content\/uploads\/2017\/06\/tormiqTV_3.png\"><img loading=\"lazy\" decoding=\"async\" class=\"aligncenter wp-image-4253 size-full\" src=\"http:\/\/www.tormiq.com\/wp-content\/uploads\/2017\/06\/tormiqTV_3.png\" alt=\"tormiq, imprenta, impresion, tv, tele\" width=\"787\" height=\"394\" srcset=\"https:\/\/www.tormiq.com\/wp-content\/uploads\/2017\/06\/tormiqTV_3.png 787w, https:\/\/www.tormiq.com\/wp-content\/uploads\/2017\/06\/tormiqTV_3-600x300.png 600w, https:\/\/www.tormiq.com\/wp-content\/uploads\/2017\/06\/tormiqTV_3-300x150.png 300w, https:\/\/www.tormiq.com\/wp-content\/uploads\/2017\/06\/tormiqTV_3-768x384.png 768w, https:\/\/www.tormiq.com\/wp-content\/uploads\/2017\/06\/tormiqTV_3-705x353.png 705w\" sizes=\"auto, (max-width: 787px) 100vw, 787px\" \/><\/a><\/p>\n<p>&nbsp;<\/p>\n<p>&nbsp;<\/p>\n","protected":false},"excerpt":{"rendered":"<p>En Tormiq imprenta hemos salido en la tele! El cap\u00edtulo 21 de la serie Nit i Dia de TV3 del d\u00eda 12\/06\/2017\u00a0donde una parte fue rodada junto a nuestra tienda en Sarri\u00e0, durante unos instantes aparecmos en la tele. No somos ni protagonistas, ni secundarios, pero nos ha hecho ilusi\u00f3n salir por televisi\u00f3n y formar [&hellip;]<\/p>\n","protected":false},"author":2,"featured_media":4251,"comment_status":"closed","ping_status":"open","sticky":false,"template":"","format":"standard","meta":{"footnotes":""},"categories":[],"tags":[112,588,439,111,832,415,603,438,441,113,602,600,601,604],"class_list":["post-4256","post","type-post","status-publish","format-standard","has-post-thumbnail","hentry","tag-barcelona-es","tag-cartel","tag-digital-es","tag-imprenta_es","tag-impressio-es","tag-impression","tag-nitidia","tag-offset_es","tag-offset-en","tag-sarria-es","tag-serie","tag-television","tag-tv","tag-tv3"],"yoast_head":"<!-- This site is optimized with the Yoast SEO plugin v27.4 - https:\/\/yoast.com\/product\/yoast-seo-wordpress\/ -->\n<title>Salimos en la tele! - Tormiq Imprenta Barcelona<\/title>\n<meta name=\"robots\" content=\"index, follow, max-snippet:-1, max-image-preview:large, max-video-preview:-1\" \/>\n<link rel=\"canonical\" href=\"https:\/\/www.tormiq.com\/es\/salimos-la-tele\/\" \/>\n<meta property=\"og:locale\" content=\"es_ES\" \/>\n<meta property=\"og:type\" content=\"article\" \/>\n<meta property=\"og:title\" content=\"Salimos en la tele! - Tormiq Imprenta Barcelona\" \/>\n<meta property=\"og:description\" content=\"En Tormiq imprenta hemos salido en la tele! El cap\u00edtulo 21 de la serie Nit i Dia de TV3 del d\u00eda 12\/06\/2017\u00a0donde una parte fue rodada junto a nuestra tienda en Sarri\u00e0, durante unos instantes aparecmos en la tele. No somos ni protagonistas, ni secundarios, pero nos ha hecho ilusi\u00f3n salir por televisi\u00f3n y formar [&hellip;]\" \/>\n<meta property=\"og:url\" content=\"https:\/\/www.tormiq.com\/es\/salimos-la-tele\/\" \/>\n<meta property=\"og:site_name\" content=\"Tormiq Imprenta Barcelona\" \/>\n<meta property=\"article:publisher\" content=\"https:\/\/www.facebook.com\/tormiq\" \/>\n<meta property=\"article:published_time\" content=\"2017-06-14T09:18:16+00:00\" \/>\n<meta property=\"og:image\" content=\"https:\/\/www.tormiq.com\/wp-content\/uploads\/2017\/06\/tormiqTV_1.png\" \/>\n\t<meta property=\"og:image:width\" content=\"787\" \/>\n\t<meta property=\"og:image:height\" content=\"750\" \/>\n\t<meta property=\"og:image:type\" content=\"image\/png\" \/>\n<meta name=\"author\" content=\"ru\" \/>\n<meta name=\"twitter:card\" content=\"summary_large_image\" \/>\n<meta name=\"twitter:creator\" content=\"@tormiq_imprenta\" \/>\n<meta name=\"twitter:site\" content=\"@tormiq_imprenta\" \/>\n<meta name=\"twitter:label1\" content=\"Escrito por\" \/>\n\t<meta name=\"twitter:data1\" content=\"ru\" \/>\n\t<meta name=\"twitter:label2\" content=\"Tiempo de lectura\" \/>\n\t<meta name=\"twitter:data2\" content=\"1 minuto\" \/>\n<script type=\"application\/ld+json\" class=\"yoast-schema-graph\">{\"@context\":\"https:\\\/\\\/schema.org\",\"@graph\":[{\"@type\":\"Article\",\"@id\":\"https:\\\/\\\/www.tormiq.com\\\/es\\\/salimos-la-tele\\\/#article\",\"isPartOf\":{\"@id\":\"https:\\\/\\\/www.tormiq.com\\\/es\\\/salimos-la-tele\\\/\"},\"author\":{\"name\":\"ru\",\"@id\":\"https:\\\/\\\/www.tormiq.com\\\/es\\\/#\\\/schema\\\/person\\\/16dcf2b08023055acce5bc467b2bb2aa\"},\"headline\":\"Salimos en la tele!\",\"datePublished\":\"2017-06-14T09:18:16+00:00\",\"mainEntityOfPage\":{\"@id\":\"https:\\\/\\\/www.tormiq.com\\\/es\\\/salimos-la-tele\\\/\"},\"wordCount\":145,\"publisher\":{\"@id\":\"https:\\\/\\\/www.tormiq.com\\\/es\\\/#organization\"},\"image\":{\"@id\":\"https:\\\/\\\/www.tormiq.com\\\/es\\\/salimos-la-tele\\\/#primaryimage\"},\"thumbnailUrl\":\"https:\\\/\\\/www.tormiq.com\\\/wp-content\\\/uploads\\\/2017\\\/06\\\/tormiqTV_1.png\",\"keywords\":[\"barcelona\",\"cartel\",\"digital\",\"imprenta\",\"impressi\u00f3\",\"impressi\u00f3n\",\"nitidia\",\"Offset\",\"Offset\",\"sarri\u00e0\",\"serie\",\"televisi\u00f3n\",\"tv\",\"tv3\"],\"inLanguage\":\"es\"},{\"@type\":\"WebPage\",\"@id\":\"https:\\\/\\\/www.tormiq.com\\\/es\\\/salimos-la-tele\\\/\",\"url\":\"https:\\\/\\\/www.tormiq.com\\\/es\\\/salimos-la-tele\\\/\",\"name\":\"Salimos en la tele! - Tormiq Imprenta Barcelona\",\"isPartOf\":{\"@id\":\"https:\\\/\\\/www.tormiq.com\\\/es\\\/#website\"},\"primaryImageOfPage\":{\"@id\":\"https:\\\/\\\/www.tormiq.com\\\/es\\\/salimos-la-tele\\\/#primaryimage\"},\"image\":{\"@id\":\"https:\\\/\\\/www.tormiq.com\\\/es\\\/salimos-la-tele\\\/#primaryimage\"},\"thumbnailUrl\":\"https:\\\/\\\/www.tormiq.com\\\/wp-content\\\/uploads\\\/2017\\\/06\\\/tormiqTV_1.png\",\"datePublished\":\"2017-06-14T09:18:16+00:00\",\"breadcrumb\":{\"@id\":\"https:\\\/\\\/www.tormiq.com\\\/es\\\/salimos-la-tele\\\/#breadcrumb\"},\"inLanguage\":\"es\",\"potentialAction\":[{\"@type\":\"ReadAction\",\"target\":[\"https:\\\/\\\/www.tormiq.com\\\/es\\\/salimos-la-tele\\\/\"]}]},{\"@type\":\"ImageObject\",\"inLanguage\":\"es\",\"@id\":\"https:\\\/\\\/www.tormiq.com\\\/es\\\/salimos-la-tele\\\/#primaryimage\",\"url\":\"https:\\\/\\\/www.tormiq.com\\\/wp-content\\\/uploads\\\/2017\\\/06\\\/tormiqTV_1.png\",\"contentUrl\":\"https:\\\/\\\/www.tormiq.com\\\/wp-content\\\/uploads\\\/2017\\\/06\\\/tormiqTV_1.png\",\"width\":787,\"height\":750,\"caption\":\"tormiq, imprenta, impresion, tv\"},{\"@type\":\"BreadcrumbList\",\"@id\":\"https:\\\/\\\/www.tormiq.com\\\/es\\\/salimos-la-tele\\\/#breadcrumb\",\"itemListElement\":[{\"@type\":\"ListItem\",\"position\":1,\"name\":\"Portada\",\"item\":\"https:\\\/\\\/www.tormiq.com\\\/es\\\/imprenta_barcelona\\\/\"},{\"@type\":\"ListItem\",\"position\":2,\"name\":\"Salimos en la tele!\"}]},{\"@type\":\"WebSite\",\"@id\":\"https:\\\/\\\/www.tormiq.com\\\/es\\\/#website\",\"url\":\"https:\\\/\\\/www.tormiq.com\\\/es\\\/\",\"name\":\"Tormiq Imprenta Barcelona\",\"description\":\"Tormiq Imprenta - (Sarri\u00e0-St. Gervasi, Barcelona)\",\"publisher\":{\"@id\":\"https:\\\/\\\/www.tormiq.com\\\/es\\\/#organization\"},\"potentialAction\":[{\"@type\":\"SearchAction\",\"target\":{\"@type\":\"EntryPoint\",\"urlTemplate\":\"https:\\\/\\\/www.tormiq.com\\\/es\\\/?s={search_term_string}\"},\"query-input\":{\"@type\":\"PropertyValueSpecification\",\"valueRequired\":true,\"valueName\":\"search_term_string\"}}],\"inLanguage\":\"es\"},{\"@type\":\"Organization\",\"@id\":\"https:\\\/\\\/www.tormiq.com\\\/es\\\/#organization\",\"name\":\"Tormiq Imprenta\",\"alternateName\":\"Tormiq Imprenta Barcelona\",\"url\":\"https:\\\/\\\/www.tormiq.com\\\/es\\\/\",\"logo\":{\"@type\":\"ImageObject\",\"inLanguage\":\"es\",\"@id\":\"https:\\\/\\\/www.tormiq.com\\\/es\\\/#\\\/schema\\\/logo\\\/image\\\/\",\"url\":\"https:\\\/\\\/www.tormiq.com\\\/wp-content\\\/uploads\\\/2013\\\/04\\\/cropped-tormiq_lg2.jpg\",\"contentUrl\":\"https:\\\/\\\/www.tormiq.com\\\/wp-content\\\/uploads\\\/2013\\\/04\\\/cropped-tormiq_lg2.jpg\",\"width\":512,\"height\":512,\"caption\":\"Tormiq Imprenta\"},\"image\":{\"@id\":\"https:\\\/\\\/www.tormiq.com\\\/es\\\/#\\\/schema\\\/logo\\\/image\\\/\"},\"sameAs\":[\"https:\\\/\\\/www.facebook.com\\\/tormiq\",\"https:\\\/\\\/x.com\\\/tormiq_imprenta\",\"https:\\\/\\\/instagram.com\\\/tormiq_impremta\\\/\",\"https:\\\/\\\/www.linkedin.com\\\/company\\\/tormiq-s-l-impremta\",\"https:\\\/\\\/es.pinterest.com\\\/tormiq\\\/\",\"https:\\\/\\\/www.youtube.com\\\/@Tormiq\",\"https:\\\/\\\/twitter.com\\\/tormiq_impremta\"]},{\"@type\":\"Person\",\"@id\":\"https:\\\/\\\/www.tormiq.com\\\/es\\\/#\\\/schema\\\/person\\\/16dcf2b08023055acce5bc467b2bb2aa\",\"name\":\"ru\",\"url\":\"https:\\\/\\\/www.tormiq.com\\\/es\\\/author\\\/achilifunki\\\/\"}]}<\/script>\n<!-- \/ Yoast SEO plugin. -->","yoast_head_json":{"title":"Salimos en la tele! - Tormiq Imprenta Barcelona","robots":{"index":"index","follow":"follow","max-snippet":"max-snippet:-1","max-image-preview":"max-image-preview:large","max-video-preview":"max-video-preview:-1"},"canonical":"https:\/\/www.tormiq.com\/es\/salimos-la-tele\/","og_locale":"es_ES","og_type":"article","og_title":"Salimos en la tele! - Tormiq Imprenta Barcelona","og_description":"En Tormiq imprenta hemos salido en la tele! El cap\u00edtulo 21 de la serie Nit i Dia de TV3 del d\u00eda 12\/06\/2017\u00a0donde una parte fue rodada junto a nuestra tienda en Sarri\u00e0, durante unos instantes aparecmos en la tele. No somos ni protagonistas, ni secundarios, pero nos ha hecho ilusi\u00f3n salir por televisi\u00f3n y formar [&hellip;]","og_url":"https:\/\/www.tormiq.com\/es\/salimos-la-tele\/","og_site_name":"Tormiq Imprenta Barcelona","article_publisher":"https:\/\/www.facebook.com\/tormiq","article_published_time":"2017-06-14T09:18:16+00:00","og_image":[{"width":787,"height":750,"url":"https:\/\/www.tormiq.com\/wp-content\/uploads\/2017\/06\/tormiqTV_1.png","type":"image\/png"}],"author":"ru","twitter_card":"summary_large_image","twitter_creator":"@tormiq_imprenta","twitter_site":"@tormiq_imprenta","twitter_misc":{"Escrito por":"ru","Tiempo de lectura":"1 minuto"},"schema":{"@context":"https:\/\/schema.org","@graph":[{"@type":"Article","@id":"https:\/\/www.tormiq.com\/es\/salimos-la-tele\/#article","isPartOf":{"@id":"https:\/\/www.tormiq.com\/es\/salimos-la-tele\/"},"author":{"name":"ru","@id":"https:\/\/www.tormiq.com\/es\/#\/schema\/person\/16dcf2b08023055acce5bc467b2bb2aa"},"headline":"Salimos en la tele!","datePublished":"2017-06-14T09:18:16+00:00","mainEntityOfPage":{"@id":"https:\/\/www.tormiq.com\/es\/salimos-la-tele\/"},"wordCount":145,"publisher":{"@id":"https:\/\/www.tormiq.com\/es\/#organization"},"image":{"@id":"https:\/\/www.tormiq.com\/es\/salimos-la-tele\/#primaryimage"},"thumbnailUrl":"https:\/\/www.tormiq.com\/wp-content\/uploads\/2017\/06\/tormiqTV_1.png","keywords":["barcelona","cartel","digital","imprenta","impressi\u00f3","impressi\u00f3n","nitidia","Offset","Offset","sarri\u00e0","serie","televisi\u00f3n","tv","tv3"],"inLanguage":"es"},{"@type":"WebPage","@id":"https:\/\/www.tormiq.com\/es\/salimos-la-tele\/","url":"https:\/\/www.tormiq.com\/es\/salimos-la-tele\/","name":"Salimos en la tele! - Tormiq Imprenta Barcelona","isPartOf":{"@id":"https:\/\/www.tormiq.com\/es\/#website"},"primaryImageOfPage":{"@id":"https:\/\/www.tormiq.com\/es\/salimos-la-tele\/#primaryimage"},"image":{"@id":"https:\/\/www.tormiq.com\/es\/salimos-la-tele\/#primaryimage"},"thumbnailUrl":"https:\/\/www.tormiq.com\/wp-content\/uploads\/2017\/06\/tormiqTV_1.png","datePublished":"2017-06-14T09:18:16+00:00","breadcrumb":{"@id":"https:\/\/www.tormiq.com\/es\/salimos-la-tele\/#breadcrumb"},"inLanguage":"es","potentialAction":[{"@type":"ReadAction","target":["https:\/\/www.tormiq.com\/es\/salimos-la-tele\/"]}]},{"@type":"ImageObject","inLanguage":"es","@id":"https:\/\/www.tormiq.com\/es\/salimos-la-tele\/#primaryimage","url":"https:\/\/www.tormiq.com\/wp-content\/uploads\/2017\/06\/tormiqTV_1.png","contentUrl":"https:\/\/www.tormiq.com\/wp-content\/uploads\/2017\/06\/tormiqTV_1.png","width":787,"height":750,"caption":"tormiq, imprenta, impresion, tv"},{"@type":"BreadcrumbList","@id":"https:\/\/www.tormiq.com\/es\/salimos-la-tele\/#breadcrumb","itemListElement":[{"@type":"ListItem","position":1,"name":"Portada","item":"https:\/\/www.tormiq.com\/es\/imprenta_barcelona\/"},{"@type":"ListItem","position":2,"name":"Salimos en la tele!"}]},{"@type":"WebSite","@id":"https:\/\/www.tormiq.com\/es\/#website","url":"https:\/\/www.tormiq.com\/es\/","name":"Tormiq Imprenta Barcelona","description":"Tormiq Imprenta - (Sarri\u00e0-St. Gervasi, Barcelona)","publisher":{"@id":"https:\/\/www.tormiq.com\/es\/#organization"},"potentialAction":[{"@type":"SearchAction","target":{"@type":"EntryPoint","urlTemplate":"https:\/\/www.tormiq.com\/es\/?s={search_term_string}"},"query-input":{"@type":"PropertyValueSpecification","valueRequired":true,"valueName":"search_term_string"}}],"inLanguage":"es"},{"@type":"Organization","@id":"https:\/\/www.tormiq.com\/es\/#organization","name":"Tormiq Imprenta","alternateName":"Tormiq Imprenta Barcelona","url":"https:\/\/www.tormiq.com\/es\/","logo":{"@type":"ImageObject","inLanguage":"es","@id":"https:\/\/www.tormiq.com\/es\/#\/schema\/logo\/image\/","url":"https:\/\/www.tormiq.com\/wp-content\/uploads\/2013\/04\/cropped-tormiq_lg2.jpg","contentUrl":"https:\/\/www.tormiq.com\/wp-content\/uploads\/2013\/04\/cropped-tormiq_lg2.jpg","width":512,"height":512,"caption":"Tormiq Imprenta"},"image":{"@id":"https:\/\/www.tormiq.com\/es\/#\/schema\/logo\/image\/"},"sameAs":["https:\/\/www.facebook.com\/tormiq","https:\/\/x.com\/tormiq_imprenta","https:\/\/instagram.com\/tormiq_impremta\/","https:\/\/www.linkedin.com\/company\/tormiq-s-l-impremta","https:\/\/es.pinterest.com\/tormiq\/","https:\/\/www.youtube.com\/@Tormiq","https:\/\/twitter.com\/tormiq_impremta"]},{"@type":"Person","@id":"https:\/\/www.tormiq.com\/es\/#\/schema\/person\/16dcf2b08023055acce5bc467b2bb2aa","name":"ru","url":"https:\/\/www.tormiq.com\/es\/author\/achilifunki\/"}]}},"_links":{"self":[{"href":"https:\/\/www.tormiq.com\/es\/wp-json\/wp\/v2\/posts\/4256","targetHints":{"allow":["GET"]}}],"collection":[{"href":"https:\/\/www.tormiq.com\/es\/wp-json\/wp\/v2\/posts"}],"about":[{"href":"https:\/\/www.tormiq.com\/es\/wp-json\/wp\/v2\/types\/post"}],"author":[{"embeddable":true,"href":"https:\/\/www.tormiq.com\/es\/wp-json\/wp\/v2\/users\/2"}],"replies":[{"embeddable":true,"href":"https:\/\/www.tormiq.com\/es\/wp-json\/wp\/v2\/comments?post=4256"}],"version-history":[{"count":1,"href":"https:\/\/www.tormiq.com\/es\/wp-json\/wp\/v2\/posts\/4256\/revisions"}],"predecessor-version":[{"id":4257,"href":"https:\/\/www.tormiq.com\/es\/wp-json\/wp\/v2\/posts\/4256\/revisions\/4257"}],"wp:featuredmedia":[{"embeddable":true,"href":"https:\/\/www.tormiq.com\/es\/wp-json\/wp\/v2\/media\/4251"}],"wp:attachment":[{"href":"https:\/\/www.tormiq.com\/es\/wp-json\/wp\/v2\/media?parent=4256"}],"wp:term":[{"taxonomy":"category","embeddable":true,"href":"https:\/\/www.tormiq.com\/es\/wp-json\/wp\/v2\/categories?post=4256"},{"taxonomy":"post_tag","embeddable":true,"href":"https:\/\/www.tormiq.com\/es\/wp-json\/wp\/v2\/tags?post=4256"}],"curies":[{"name":"wp","href":"https:\/\/api.w.org\/{rel}","templated":true}]}}