{"id":7621,"date":"2021-02-08T08:31:16","date_gmt":"2021-02-08T08:31:16","guid":{"rendered":"https:\/\/www.tormiq.com\/?p=7621"},"modified":"2021-02-08T15:52:25","modified_gmt":"2021-02-08T15:52:25","slug":"calendario-tormiq-imprenta-2021","status":"publish","type":"post","link":"https:\/\/www.tormiq.com\/es\/calendario-tormiq-imprenta-2021\/","title":{"rendered":"Calendario Tormiq Imprenta 2021"},"content":{"rendered":"\n<p>Os presentamos el nuevo calendario de TORMIQ IMPRENTA 2021.<\/p>\n\n\n\n<p>Es un calendario que hemos realizado en impresi\u00f3n digital sobre papel Fedrigoni Materica Gesso de 120gr. para las hojas de los meses y impresi\u00f3n digital en tinta blanca sobre papel Arjowiggins Keaycolour Carmine de 300gr. para la peana.<\/p>\n\n\n\n<p>Llevamos un a\u00f1o vi\u00e9ndonos las caras por medio de unas m\u00e1scaras que nos tapan parte de nuestro rostro, de nuestra expresi\u00f3n y que nos limitan el sentido del olfato. Por eso, este a\u00f1o, quer\u00edamos que nuestro calendario nos permitiera recuperar un poco todo esto que hemos perdido, recuperar caras y olores. Hemos buscado unas ilustraciones que mostraran rostros y flores, que nos ayuden a no olvidar que siguen ah\u00ed, aunque sea escondidos tras una m\u00e1scara.<\/p>\n\n\n\n<p>Como sabemos que quien tenga este calendario sobre su mesa, en un entorno seguro, no va a estar usando mascarilla, este a\u00f1o hemos perfumado nuestros calendarios con un perfume para el hogar con flores de naranjo y azahar.<\/p>\n\n\n\n<p>Esperamos que lo disfrut\u00e9is y que podamos pronto vernos las caras, tocarnos y sentirnos bien cerquita.<\/p>\n\n\n\n<figure class=\"wp-block-embed is-type-video is-provider-youtube wp-block-embed-youtube wp-embed-aspect-16-9 wp-has-aspect-ratio\"><div class=\"wp-block-embed__wrapper\">\n<div class='avia-iframe-wrap'><iframe loading=\"lazy\" title=\"Calendario Tormiq Imprenta 2021\" width=\"1500\" height=\"844\" src=\"https:\/\/www.youtube.com\/embed\/9mGi4kjnbSg?feature=oembed\" frameborder=\"0\" allow=\"accelerometer; autoplay; clipboard-write; encrypted-media; gyroscope; picture-in-picture\" allowfullscreen><\/iframe><\/div>\n<\/div><\/figure>\n","protected":false},"excerpt":{"rendered":"<p>Os presentamos el nuevo calendario de TORMIQ IMPRENTA 2021. Es un calendario que hemos realizado en impresi\u00f3n digital sobre papel Fedrigoni Materica Gesso de 120gr. para las hojas de los meses y impresi\u00f3n digital en tinta blanca sobre papel Arjowiggins Keaycolour Carmine de 300gr. para la peana. Llevamos un a\u00f1o vi\u00e9ndonos las caras por medio [&hellip;]<\/p>\n","protected":false},"author":2,"featured_media":7623,"comment_status":"closed","ping_status":"open","sticky":false,"template":"","format":"standard","meta":{"footnotes":""},"categories":[825,643,280,843],"tags":[112,654,658],"class_list":["post-7621","post","type-post","status-publish","format-standard","has-post-thumbnail","hentry","category-calendari-es","category-creatividad","category-disseny-es","category-ilustracion","tag-barcelona-es","tag-imprenta-ca-es","tag-tormiq-es-2"],"yoast_head":"<!-- This site is optimized with the Yoast SEO plugin v27.4 - https:\/\/yoast.com\/product\/yoast-seo-wordpress\/ -->\n<title>Calendario Tormiq Imprenta 2021 - Tormiq Imprenta Barcelona<\/title>\n<meta name=\"description\" content=\"Calendario 2021 realizado en impresi\u00f3n digital y tinta blanca, con olor a naranjo. Realizamos impresi\u00f3n de calendarios de sobremesa y pared.\" \/>\n<meta name=\"robots\" content=\"index, follow, max-snippet:-1, max-image-preview:large, max-video-preview:-1\" \/>\n<link rel=\"canonical\" href=\"https:\/\/www.tormiq.com\/es\/calendario-tormiq-imprenta-2021\/\" \/>\n<meta property=\"og:locale\" content=\"es_ES\" \/>\n<meta property=\"og:type\" content=\"article\" \/>\n<meta property=\"og:title\" content=\"Calendario Tormiq Imprenta 2021 - Tormiq Imprenta Barcelona\" \/>\n<meta property=\"og:description\" content=\"Calendario 2021 realizado en impresi\u00f3n digital y tinta blanca, con olor a naranjo. Realizamos impresi\u00f3n de calendarios de sobremesa y pared.\" \/>\n<meta property=\"og:url\" content=\"https:\/\/www.tormiq.com\/es\/calendario-tormiq-imprenta-2021\/\" \/>\n<meta property=\"og:site_name\" content=\"Tormiq Imprenta Barcelona\" \/>\n<meta property=\"article:publisher\" content=\"https:\/\/www.facebook.com\/tormiq\" \/>\n<meta property=\"article:published_time\" content=\"2021-02-08T08:31:16+00:00\" \/>\n<meta property=\"article:modified_time\" content=\"2021-02-08T15:52:25+00:00\" \/>\n<meta property=\"og:image\" content=\"https:\/\/www.tormiq.com\/wp-content\/uploads\/2021\/02\/01gener21.jpg\" \/>\n\t<meta property=\"og:image:width\" content=\"1024\" \/>\n\t<meta property=\"og:image:height\" content=\"683\" \/>\n\t<meta property=\"og:image:type\" content=\"image\/jpeg\" \/>\n<meta name=\"author\" content=\"ru\" \/>\n<meta name=\"twitter:card\" content=\"summary_large_image\" \/>\n<meta name=\"twitter:creator\" content=\"@tormiq_imprenta\" \/>\n<meta name=\"twitter:site\" content=\"@tormiq_imprenta\" \/>\n<meta name=\"twitter:label1\" content=\"Escrito por\" \/>\n\t<meta name=\"twitter:data1\" content=\"ru\" \/>\n\t<meta name=\"twitter:label2\" content=\"Tiempo de lectura\" \/>\n\t<meta name=\"twitter:data2\" content=\"1 minuto\" \/>\n<script type=\"application\/ld+json\" class=\"yoast-schema-graph\">{\"@context\":\"https:\\\/\\\/schema.org\",\"@graph\":[{\"@type\":\"Article\",\"@id\":\"https:\\\/\\\/www.tormiq.com\\\/es\\\/calendario-tormiq-imprenta-2021\\\/#article\",\"isPartOf\":{\"@id\":\"https:\\\/\\\/www.tormiq.com\\\/es\\\/calendario-tormiq-imprenta-2021\\\/\"},\"author\":{\"name\":\"ru\",\"@id\":\"https:\\\/\\\/www.tormiq.com\\\/es\\\/#\\\/schema\\\/person\\\/16dcf2b08023055acce5bc467b2bb2aa\"},\"headline\":\"Calendario Tormiq Imprenta 2021\",\"datePublished\":\"2021-02-08T08:31:16+00:00\",\"dateModified\":\"2021-02-08T15:52:25+00:00\",\"mainEntityOfPage\":{\"@id\":\"https:\\\/\\\/www.tormiq.com\\\/es\\\/calendario-tormiq-imprenta-2021\\\/\"},\"wordCount\":194,\"publisher\":{\"@id\":\"https:\\\/\\\/www.tormiq.com\\\/es\\\/#organization\"},\"image\":{\"@id\":\"https:\\\/\\\/www.tormiq.com\\\/es\\\/calendario-tormiq-imprenta-2021\\\/#primaryimage\"},\"thumbnailUrl\":\"https:\\\/\\\/www.tormiq.com\\\/wp-content\\\/uploads\\\/2021\\\/02\\\/01gener21.jpg\",\"keywords\":[\"barcelona\",\"imprenta\",\"tormiq\"],\"articleSection\":[\"calendari\",\"creatividad\",\"disseny\",\"ilustraci\u00f3n\"],\"inLanguage\":\"es\"},{\"@type\":\"WebPage\",\"@id\":\"https:\\\/\\\/www.tormiq.com\\\/es\\\/calendario-tormiq-imprenta-2021\\\/\",\"url\":\"https:\\\/\\\/www.tormiq.com\\\/es\\\/calendario-tormiq-imprenta-2021\\\/\",\"name\":\"Calendario Tormiq Imprenta 2021 - Tormiq Imprenta Barcelona\",\"isPartOf\":{\"@id\":\"https:\\\/\\\/www.tormiq.com\\\/es\\\/#website\"},\"primaryImageOfPage\":{\"@id\":\"https:\\\/\\\/www.tormiq.com\\\/es\\\/calendario-tormiq-imprenta-2021\\\/#primaryimage\"},\"image\":{\"@id\":\"https:\\\/\\\/www.tormiq.com\\\/es\\\/calendario-tormiq-imprenta-2021\\\/#primaryimage\"},\"thumbnailUrl\":\"https:\\\/\\\/www.tormiq.com\\\/wp-content\\\/uploads\\\/2021\\\/02\\\/01gener21.jpg\",\"datePublished\":\"2021-02-08T08:31:16+00:00\",\"dateModified\":\"2021-02-08T15:52:25+00:00\",\"description\":\"Calendario 2021 realizado en impresi\u00f3n digital y tinta blanca, con olor a naranjo. Realizamos impresi\u00f3n de calendarios de sobremesa y pared.\",\"breadcrumb\":{\"@id\":\"https:\\\/\\\/www.tormiq.com\\\/es\\\/calendario-tormiq-imprenta-2021\\\/#breadcrumb\"},\"inLanguage\":\"es\",\"potentialAction\":[{\"@type\":\"ReadAction\",\"target\":[\"https:\\\/\\\/www.tormiq.com\\\/es\\\/calendario-tormiq-imprenta-2021\\\/\"]}]},{\"@type\":\"ImageObject\",\"inLanguage\":\"es\",\"@id\":\"https:\\\/\\\/www.tormiq.com\\\/es\\\/calendario-tormiq-imprenta-2021\\\/#primaryimage\",\"url\":\"https:\\\/\\\/www.tormiq.com\\\/wp-content\\\/uploads\\\/2021\\\/02\\\/01gener21.jpg\",\"contentUrl\":\"https:\\\/\\\/www.tormiq.com\\\/wp-content\\\/uploads\\\/2021\\\/02\\\/01gener21.jpg\",\"width\":1024,\"height\":683,\"caption\":\"Calendario, impresi\u00f3n, imprenta, tinta blanca, mesa, imprenta barcelona, barcelona.\"},{\"@type\":\"BreadcrumbList\",\"@id\":\"https:\\\/\\\/www.tormiq.com\\\/es\\\/calendario-tormiq-imprenta-2021\\\/#breadcrumb\",\"itemListElement\":[{\"@type\":\"ListItem\",\"position\":1,\"name\":\"Portada\",\"item\":\"https:\\\/\\\/www.tormiq.com\\\/es\\\/imprenta_barcelona\\\/\"},{\"@type\":\"ListItem\",\"position\":2,\"name\":\"Calendario Tormiq Imprenta 2021\"}]},{\"@type\":\"WebSite\",\"@id\":\"https:\\\/\\\/www.tormiq.com\\\/es\\\/#website\",\"url\":\"https:\\\/\\\/www.tormiq.com\\\/es\\\/\",\"name\":\"Tormiq Imprenta Barcelona\",\"description\":\"Tormiq Imprenta - (Sarri\u00e0-St. Gervasi, Barcelona)\",\"publisher\":{\"@id\":\"https:\\\/\\\/www.tormiq.com\\\/es\\\/#organization\"},\"potentialAction\":[{\"@type\":\"SearchAction\",\"target\":{\"@type\":\"EntryPoint\",\"urlTemplate\":\"https:\\\/\\\/www.tormiq.com\\\/es\\\/?s={search_term_string}\"},\"query-input\":{\"@type\":\"PropertyValueSpecification\",\"valueRequired\":true,\"valueName\":\"search_term_string\"}}],\"inLanguage\":\"es\"},{\"@type\":\"Organization\",\"@id\":\"https:\\\/\\\/www.tormiq.com\\\/es\\\/#organization\",\"name\":\"Tormiq Imprenta\",\"alternateName\":\"Tormiq Imprenta Barcelona\",\"url\":\"https:\\\/\\\/www.tormiq.com\\\/es\\\/\",\"logo\":{\"@type\":\"ImageObject\",\"inLanguage\":\"es\",\"@id\":\"https:\\\/\\\/www.tormiq.com\\\/es\\\/#\\\/schema\\\/logo\\\/image\\\/\",\"url\":\"https:\\\/\\\/www.tormiq.com\\\/wp-content\\\/uploads\\\/2013\\\/04\\\/cropped-tormiq_lg2.jpg\",\"contentUrl\":\"https:\\\/\\\/www.tormiq.com\\\/wp-content\\\/uploads\\\/2013\\\/04\\\/cropped-tormiq_lg2.jpg\",\"width\":512,\"height\":512,\"caption\":\"Tormiq Imprenta\"},\"image\":{\"@id\":\"https:\\\/\\\/www.tormiq.com\\\/es\\\/#\\\/schema\\\/logo\\\/image\\\/\"},\"sameAs\":[\"https:\\\/\\\/www.facebook.com\\\/tormiq\",\"https:\\\/\\\/x.com\\\/tormiq_imprenta\",\"https:\\\/\\\/instagram.com\\\/tormiq_impremta\\\/\",\"https:\\\/\\\/www.linkedin.com\\\/company\\\/tormiq-s-l-impremta\",\"https:\\\/\\\/es.pinterest.com\\\/tormiq\\\/\",\"https:\\\/\\\/www.youtube.com\\\/@Tormiq\",\"https:\\\/\\\/twitter.com\\\/tormiq_impremta\"]},{\"@type\":\"Person\",\"@id\":\"https:\\\/\\\/www.tormiq.com\\\/es\\\/#\\\/schema\\\/person\\\/16dcf2b08023055acce5bc467b2bb2aa\",\"name\":\"ru\",\"url\":\"https:\\\/\\\/www.tormiq.com\\\/es\\\/author\\\/achilifunki\\\/\"}]}<\/script>\n<!-- \/ Yoast SEO plugin. -->","yoast_head_json":{"title":"Calendario Tormiq Imprenta 2021 - Tormiq Imprenta Barcelona","description":"Calendario 2021 realizado en impresi\u00f3n digital y tinta blanca, con olor a naranjo. Realizamos impresi\u00f3n de calendarios de sobremesa y pared.","robots":{"index":"index","follow":"follow","max-snippet":"max-snippet:-1","max-image-preview":"max-image-preview:large","max-video-preview":"max-video-preview:-1"},"canonical":"https:\/\/www.tormiq.com\/es\/calendario-tormiq-imprenta-2021\/","og_locale":"es_ES","og_type":"article","og_title":"Calendario Tormiq Imprenta 2021 - Tormiq Imprenta Barcelona","og_description":"Calendario 2021 realizado en impresi\u00f3n digital y tinta blanca, con olor a naranjo. Realizamos impresi\u00f3n de calendarios de sobremesa y pared.","og_url":"https:\/\/www.tormiq.com\/es\/calendario-tormiq-imprenta-2021\/","og_site_name":"Tormiq Imprenta Barcelona","article_publisher":"https:\/\/www.facebook.com\/tormiq","article_published_time":"2021-02-08T08:31:16+00:00","article_modified_time":"2021-02-08T15:52:25+00:00","og_image":[{"width":1024,"height":683,"url":"https:\/\/www.tormiq.com\/wp-content\/uploads\/2021\/02\/01gener21.jpg","type":"image\/jpeg"}],"author":"ru","twitter_card":"summary_large_image","twitter_creator":"@tormiq_imprenta","twitter_site":"@tormiq_imprenta","twitter_misc":{"Escrito por":"ru","Tiempo de lectura":"1 minuto"},"schema":{"@context":"https:\/\/schema.org","@graph":[{"@type":"Article","@id":"https:\/\/www.tormiq.com\/es\/calendario-tormiq-imprenta-2021\/#article","isPartOf":{"@id":"https:\/\/www.tormiq.com\/es\/calendario-tormiq-imprenta-2021\/"},"author":{"name":"ru","@id":"https:\/\/www.tormiq.com\/es\/#\/schema\/person\/16dcf2b08023055acce5bc467b2bb2aa"},"headline":"Calendario Tormiq Imprenta 2021","datePublished":"2021-02-08T08:31:16+00:00","dateModified":"2021-02-08T15:52:25+00:00","mainEntityOfPage":{"@id":"https:\/\/www.tormiq.com\/es\/calendario-tormiq-imprenta-2021\/"},"wordCount":194,"publisher":{"@id":"https:\/\/www.tormiq.com\/es\/#organization"},"image":{"@id":"https:\/\/www.tormiq.com\/es\/calendario-tormiq-imprenta-2021\/#primaryimage"},"thumbnailUrl":"https:\/\/www.tormiq.com\/wp-content\/uploads\/2021\/02\/01gener21.jpg","keywords":["barcelona","imprenta","tormiq"],"articleSection":["calendari","creatividad","disseny","ilustraci\u00f3n"],"inLanguage":"es"},{"@type":"WebPage","@id":"https:\/\/www.tormiq.com\/es\/calendario-tormiq-imprenta-2021\/","url":"https:\/\/www.tormiq.com\/es\/calendario-tormiq-imprenta-2021\/","name":"Calendario Tormiq Imprenta 2021 - Tormiq Imprenta Barcelona","isPartOf":{"@id":"https:\/\/www.tormiq.com\/es\/#website"},"primaryImageOfPage":{"@id":"https:\/\/www.tormiq.com\/es\/calendario-tormiq-imprenta-2021\/#primaryimage"},"image":{"@id":"https:\/\/www.tormiq.com\/es\/calendario-tormiq-imprenta-2021\/#primaryimage"},"thumbnailUrl":"https:\/\/www.tormiq.com\/wp-content\/uploads\/2021\/02\/01gener21.jpg","datePublished":"2021-02-08T08:31:16+00:00","dateModified":"2021-02-08T15:52:25+00:00","description":"Calendario 2021 realizado en impresi\u00f3n digital y tinta blanca, con olor a naranjo. Realizamos impresi\u00f3n de calendarios de sobremesa y pared.","breadcrumb":{"@id":"https:\/\/www.tormiq.com\/es\/calendario-tormiq-imprenta-2021\/#breadcrumb"},"inLanguage":"es","potentialAction":[{"@type":"ReadAction","target":["https:\/\/www.tormiq.com\/es\/calendario-tormiq-imprenta-2021\/"]}]},{"@type":"ImageObject","inLanguage":"es","@id":"https:\/\/www.tormiq.com\/es\/calendario-tormiq-imprenta-2021\/#primaryimage","url":"https:\/\/www.tormiq.com\/wp-content\/uploads\/2021\/02\/01gener21.jpg","contentUrl":"https:\/\/www.tormiq.com\/wp-content\/uploads\/2021\/02\/01gener21.jpg","width":1024,"height":683,"caption":"Calendario, impresi\u00f3n, imprenta, tinta blanca, mesa, imprenta barcelona, barcelona."},{"@type":"BreadcrumbList","@id":"https:\/\/www.tormiq.com\/es\/calendario-tormiq-imprenta-2021\/#breadcrumb","itemListElement":[{"@type":"ListItem","position":1,"name":"Portada","item":"https:\/\/www.tormiq.com\/es\/imprenta_barcelona\/"},{"@type":"ListItem","position":2,"name":"Calendario Tormiq Imprenta 2021"}]},{"@type":"WebSite","@id":"https:\/\/www.tormiq.com\/es\/#website","url":"https:\/\/www.tormiq.com\/es\/","name":"Tormiq Imprenta Barcelona","description":"Tormiq Imprenta - (Sarri\u00e0-St. Gervasi, Barcelona)","publisher":{"@id":"https:\/\/www.tormiq.com\/es\/#organization"},"potentialAction":[{"@type":"SearchAction","target":{"@type":"EntryPoint","urlTemplate":"https:\/\/www.tormiq.com\/es\/?s={search_term_string}"},"query-input":{"@type":"PropertyValueSpecification","valueRequired":true,"valueName":"search_term_string"}}],"inLanguage":"es"},{"@type":"Organization","@id":"https:\/\/www.tormiq.com\/es\/#organization","name":"Tormiq Imprenta","alternateName":"Tormiq Imprenta Barcelona","url":"https:\/\/www.tormiq.com\/es\/","logo":{"@type":"ImageObject","inLanguage":"es","@id":"https:\/\/www.tormiq.com\/es\/#\/schema\/logo\/image\/","url":"https:\/\/www.tormiq.com\/wp-content\/uploads\/2013\/04\/cropped-tormiq_lg2.jpg","contentUrl":"https:\/\/www.tormiq.com\/wp-content\/uploads\/2013\/04\/cropped-tormiq_lg2.jpg","width":512,"height":512,"caption":"Tormiq Imprenta"},"image":{"@id":"https:\/\/www.tormiq.com\/es\/#\/schema\/logo\/image\/"},"sameAs":["https:\/\/www.facebook.com\/tormiq","https:\/\/x.com\/tormiq_imprenta","https:\/\/instagram.com\/tormiq_impremta\/","https:\/\/www.linkedin.com\/company\/tormiq-s-l-impremta","https:\/\/es.pinterest.com\/tormiq\/","https:\/\/www.youtube.com\/@Tormiq","https:\/\/twitter.com\/tormiq_impremta"]},{"@type":"Person","@id":"https:\/\/www.tormiq.com\/es\/#\/schema\/person\/16dcf2b08023055acce5bc467b2bb2aa","name":"ru","url":"https:\/\/www.tormiq.com\/es\/author\/achilifunki\/"}]}},"_links":{"self":[{"href":"https:\/\/www.tormiq.com\/es\/wp-json\/wp\/v2\/posts\/7621","targetHints":{"allow":["GET"]}}],"collection":[{"href":"https:\/\/www.tormiq.com\/es\/wp-json\/wp\/v2\/posts"}],"about":[{"href":"https:\/\/www.tormiq.com\/es\/wp-json\/wp\/v2\/types\/post"}],"author":[{"embeddable":true,"href":"https:\/\/www.tormiq.com\/es\/wp-json\/wp\/v2\/users\/2"}],"replies":[{"embeddable":true,"href":"https:\/\/www.tormiq.com\/es\/wp-json\/wp\/v2\/comments?post=7621"}],"version-history":[{"count":1,"href":"https:\/\/www.tormiq.com\/es\/wp-json\/wp\/v2\/posts\/7621\/revisions"}],"predecessor-version":[{"id":7626,"href":"https:\/\/www.tormiq.com\/es\/wp-json\/wp\/v2\/posts\/7621\/revisions\/7626"}],"wp:featuredmedia":[{"embeddable":true,"href":"https:\/\/www.tormiq.com\/es\/wp-json\/wp\/v2\/media\/7623"}],"wp:attachment":[{"href":"https:\/\/www.tormiq.com\/es\/wp-json\/wp\/v2\/media?parent=7621"}],"wp:term":[{"taxonomy":"category","embeddable":true,"href":"https:\/\/www.tormiq.com\/es\/wp-json\/wp\/v2\/categories?post=7621"},{"taxonomy":"post_tag","embeddable":true,"href":"https:\/\/www.tormiq.com\/es\/wp-json\/wp\/v2\/tags?post=7621"}],"curies":[{"name":"wp","href":"https:\/\/api.w.org\/{rel}","templated":true}]}}