{"id":7874,"date":"2024-01-02T09:33:50","date_gmt":"2024-01-02T09:33:50","guid":{"rendered":"https:\/\/www.tormiq.com\/calendario-tormiq-imprenta-2024\/"},"modified":"2024-01-02T09:38:45","modified_gmt":"2024-01-02T09:38:45","slug":"calendario-tormiq-imprenta-2024","status":"publish","type":"post","link":"https:\/\/www.tormiq.com\/es\/calendario-tormiq-imprenta-2024\/","title":{"rendered":"Calendario TORMIQ Imprenta 2024"},"content":{"rendered":"\n<h2 class=\"wp-block-heading\">A\u00f1o nuevo y calendario nuevo<\/h2>\n\n\n\n<p>Hace un a\u00f1o hicimos un calendario personalizable, con pegatinas, l\u00e1pices, instrucciones y sorpresas&#8230; ha sido un a\u00f1o en el que se ha trabajado mucho, donde todo se ha acelerado y ha habido mucha prisa.<\/p>\n\n\n\n<p>Para este 2024 hemos pensado que nos hac\u00eda falta detenernos un poco y aprovechar los momentos de pausa que nos brinda el d\u00eda. Disfrutar de las cosas cotidianas que nos hacen sentir bien y aportan bienestar. Creemos que la felicidad est\u00e1 en saber disfrutar de esos peque\u00f1os detalles que nos brinda el d\u00eda.<\/p>\n\n\n\n<p>As\u00ed que esperamos que este nuevo calendario de Tormiq Imprenta 2024 os sirva para organizaros y para encontrar momentos de felicidad.<\/p>\n\n\n\n<p>Ha empezado el a\u00f1o, vamos!<\/p>\n\n\n\n<figure class=\"wp-block-embed is-type-video is-provider-youtube wp-block-embed-youtube wp-embed-aspect-16-9 wp-has-aspect-ratio\"><div class=\"wp-block-embed__wrapper\">\n<div class='avia-iframe-wrap'><iframe loading=\"lazy\" title=\"Calendari Tormiq Imprenta 2024\" width=\"1500\" height=\"844\" src=\"https:\/\/www.youtube.com\/embed\/ab1uL-XgRXE?feature=oembed\" frameborder=\"0\" allow=\"accelerometer; autoplay; clipboard-write; encrypted-media; gyroscope; picture-in-picture; web-share\" allowfullscreen><\/iframe><\/div>\n<\/div><figcaption class=\"wp-element-caption\">Calendario Tormiq 2024<\/figcaption><\/figure>\n","protected":false},"excerpt":{"rendered":"<p>A\u00f1o nuevo y calendario nuevo Hace un a\u00f1o hicimos un calendario personalizable, con pegatinas, l\u00e1pices, instrucciones y sorpresas&#8230; ha sido un a\u00f1o en el que se ha trabajado mucho, donde todo se ha acelerado y ha habido mucha prisa. Para este 2024 hemos pensado que nos hac\u00eda falta detenernos un poco y aprovechar los momentos [&hellip;]<\/p>\n","protected":false},"author":2,"featured_media":7872,"comment_status":"closed","ping_status":"open","sticky":false,"template":"","format":"standard","meta":{"footnotes":""},"categories":[825,564,280,843,970,461,691],"tags":[112,829,342,1031,111,654,986,832],"class_list":["post-7874","post","type-post","status-publish","format-standard","has-post-thumbnail","hentry","category-calendari-es","category-calendario","category-disseny-es","category-ilustracion","category-ilustracion-es","category-impresion","category-tormiq","tag-barcelona-es","tag-calendari-es-2","tag-disseny-grafic-es","tag-disseny-grafic-2","tag-imprenta_es","tag-imprenta-ca-es","tag-impresion-es","tag-impressio-es"],"yoast_head":"<!-- This site is optimized with the Yoast SEO plugin v27.4 - https:\/\/yoast.com\/product\/yoast-seo-wordpress\/ -->\n<title>Calendario TORMIQ Imprenta 2024 - Tormiq Imprenta Barcelona<\/title>\n<meta name=\"description\" content=\"Os presentamos el nuevo calendario de Tormiq 2024, imprenta en Barcelona desde 1968. Hacemos impresi\u00f3n offset, digital y gran formato.\" \/>\n<meta name=\"robots\" content=\"index, follow, max-snippet:-1, max-image-preview:large, max-video-preview:-1\" \/>\n<link rel=\"canonical\" href=\"https:\/\/www.tormiq.com\/es\/calendario-tormiq-imprenta-2024\/\" \/>\n<meta property=\"og:locale\" content=\"es_ES\" \/>\n<meta property=\"og:type\" content=\"article\" \/>\n<meta property=\"og:title\" content=\"Calendario TORMIQ Imprenta 2024 - Tormiq Imprenta Barcelona\" \/>\n<meta property=\"og:description\" content=\"Os presentamos el nuevo calendario de Tormiq 2024, imprenta en Barcelona desde 1968. Hacemos impresi\u00f3n offset, digital y gran formato.\" \/>\n<meta property=\"og:url\" content=\"https:\/\/www.tormiq.com\/es\/calendario-tormiq-imprenta-2024\/\" \/>\n<meta property=\"og:site_name\" content=\"Tormiq Imprenta Barcelona\" \/>\n<meta property=\"article:publisher\" content=\"https:\/\/www.facebook.com\/tormiq\" \/>\n<meta property=\"article:published_time\" content=\"2024-01-02T09:33:50+00:00\" \/>\n<meta property=\"article:modified_time\" content=\"2024-01-02T09:38:45+00:00\" \/>\n<meta property=\"og:image\" content=\"https:\/\/www.tormiq.com\/wp-content\/uploads\/2024\/01\/calendari.png\" \/>\n\t<meta property=\"og:image:width\" content=\"591\" \/>\n\t<meta property=\"og:image:height\" content=\"307\" \/>\n\t<meta property=\"og:image:type\" content=\"image\/png\" \/>\n<meta name=\"author\" content=\"ru\" \/>\n<meta name=\"twitter:card\" content=\"summary_large_image\" \/>\n<meta name=\"twitter:creator\" content=\"@tormiq_imprenta\" \/>\n<meta name=\"twitter:site\" content=\"@tormiq_imprenta\" \/>\n<meta name=\"twitter:label1\" content=\"Escrito por\" \/>\n\t<meta name=\"twitter:data1\" content=\"ru\" \/>\n\t<meta name=\"twitter:label2\" content=\"Tiempo de lectura\" \/>\n\t<meta name=\"twitter:data2\" content=\"1 minuto\" \/>\n<script type=\"application\/ld+json\" class=\"yoast-schema-graph\">{\"@context\":\"https:\\\/\\\/schema.org\",\"@graph\":[{\"@type\":\"Article\",\"@id\":\"https:\\\/\\\/www.tormiq.com\\\/es\\\/calendario-tormiq-imprenta-2024\\\/#article\",\"isPartOf\":{\"@id\":\"https:\\\/\\\/www.tormiq.com\\\/es\\\/calendario-tormiq-imprenta-2024\\\/\"},\"author\":{\"name\":\"ru\",\"@id\":\"https:\\\/\\\/www.tormiq.com\\\/es\\\/#\\\/schema\\\/person\\\/16dcf2b08023055acce5bc467b2bb2aa\"},\"headline\":\"Calendario TORMIQ Imprenta 2024\",\"datePublished\":\"2024-01-02T09:33:50+00:00\",\"dateModified\":\"2024-01-02T09:38:45+00:00\",\"mainEntityOfPage\":{\"@id\":\"https:\\\/\\\/www.tormiq.com\\\/es\\\/calendario-tormiq-imprenta-2024\\\/\"},\"wordCount\":138,\"publisher\":{\"@id\":\"https:\\\/\\\/www.tormiq.com\\\/es\\\/#organization\"},\"image\":{\"@id\":\"https:\\\/\\\/www.tormiq.com\\\/es\\\/calendario-tormiq-imprenta-2024\\\/#primaryimage\"},\"thumbnailUrl\":\"https:\\\/\\\/www.tormiq.com\\\/wp-content\\\/uploads\\\/2024\\\/01\\\/calendari.png\",\"keywords\":[\"barcelona\",\"calendari\",\"disseny gr\u00e0fic\",\"disseny gr\u00e0fic\",\"imprenta\",\"imprenta\",\"impresi\u00f3n\",\"impressi\u00f3\"],\"articleSection\":[\"calendari\",\"calendario\",\"disseny\",\"ilustraci\u00f3n\",\"Ilustraci\u00f3n\",\"impresi\u00f3n\",\"tormiq\"],\"inLanguage\":\"es\"},{\"@type\":\"WebPage\",\"@id\":\"https:\\\/\\\/www.tormiq.com\\\/es\\\/calendario-tormiq-imprenta-2024\\\/\",\"url\":\"https:\\\/\\\/www.tormiq.com\\\/es\\\/calendario-tormiq-imprenta-2024\\\/\",\"name\":\"Calendario TORMIQ Imprenta 2024 - Tormiq Imprenta Barcelona\",\"isPartOf\":{\"@id\":\"https:\\\/\\\/www.tormiq.com\\\/es\\\/#website\"},\"primaryImageOfPage\":{\"@id\":\"https:\\\/\\\/www.tormiq.com\\\/es\\\/calendario-tormiq-imprenta-2024\\\/#primaryimage\"},\"image\":{\"@id\":\"https:\\\/\\\/www.tormiq.com\\\/es\\\/calendario-tormiq-imprenta-2024\\\/#primaryimage\"},\"thumbnailUrl\":\"https:\\\/\\\/www.tormiq.com\\\/wp-content\\\/uploads\\\/2024\\\/01\\\/calendari.png\",\"datePublished\":\"2024-01-02T09:33:50+00:00\",\"dateModified\":\"2024-01-02T09:38:45+00:00\",\"description\":\"Os presentamos el nuevo calendario de Tormiq 2024, imprenta en Barcelona desde 1968. Hacemos impresi\u00f3n offset, digital y gran formato.\",\"breadcrumb\":{\"@id\":\"https:\\\/\\\/www.tormiq.com\\\/es\\\/calendario-tormiq-imprenta-2024\\\/#breadcrumb\"},\"inLanguage\":\"es\",\"potentialAction\":[{\"@type\":\"ReadAction\",\"target\":[\"https:\\\/\\\/www.tormiq.com\\\/es\\\/calendario-tormiq-imprenta-2024\\\/\"]}]},{\"@type\":\"ImageObject\",\"inLanguage\":\"es\",\"@id\":\"https:\\\/\\\/www.tormiq.com\\\/es\\\/calendario-tormiq-imprenta-2024\\\/#primaryimage\",\"url\":\"https:\\\/\\\/www.tormiq.com\\\/wp-content\\\/uploads\\\/2024\\\/01\\\/calendari.png\",\"contentUrl\":\"https:\\\/\\\/www.tormiq.com\\\/wp-content\\\/uploads\\\/2024\\\/01\\\/calendari.png\",\"width\":591,\"height\":307,\"caption\":\"calendari tormiq imprenta 2024, Barcelona, impressi\u00f3, imprimir\"},{\"@type\":\"BreadcrumbList\",\"@id\":\"https:\\\/\\\/www.tormiq.com\\\/es\\\/calendario-tormiq-imprenta-2024\\\/#breadcrumb\",\"itemListElement\":[{\"@type\":\"ListItem\",\"position\":1,\"name\":\"Portada\",\"item\":\"https:\\\/\\\/www.tormiq.com\\\/es\\\/imprenta_barcelona\\\/\"},{\"@type\":\"ListItem\",\"position\":2,\"name\":\"Calendario TORMIQ Imprenta 2024\"}]},{\"@type\":\"WebSite\",\"@id\":\"https:\\\/\\\/www.tormiq.com\\\/es\\\/#website\",\"url\":\"https:\\\/\\\/www.tormiq.com\\\/es\\\/\",\"name\":\"Tormiq Imprenta Barcelona\",\"description\":\"Tormiq Imprenta - (Sarri\u00e0-St. Gervasi, Barcelona)\",\"publisher\":{\"@id\":\"https:\\\/\\\/www.tormiq.com\\\/es\\\/#organization\"},\"potentialAction\":[{\"@type\":\"SearchAction\",\"target\":{\"@type\":\"EntryPoint\",\"urlTemplate\":\"https:\\\/\\\/www.tormiq.com\\\/es\\\/?s={search_term_string}\"},\"query-input\":{\"@type\":\"PropertyValueSpecification\",\"valueRequired\":true,\"valueName\":\"search_term_string\"}}],\"inLanguage\":\"es\"},{\"@type\":\"Organization\",\"@id\":\"https:\\\/\\\/www.tormiq.com\\\/es\\\/#organization\",\"name\":\"Tormiq Imprenta\",\"alternateName\":\"Tormiq Imprenta Barcelona\",\"url\":\"https:\\\/\\\/www.tormiq.com\\\/es\\\/\",\"logo\":{\"@type\":\"ImageObject\",\"inLanguage\":\"es\",\"@id\":\"https:\\\/\\\/www.tormiq.com\\\/es\\\/#\\\/schema\\\/logo\\\/image\\\/\",\"url\":\"https:\\\/\\\/www.tormiq.com\\\/wp-content\\\/uploads\\\/2013\\\/04\\\/cropped-tormiq_lg2.jpg\",\"contentUrl\":\"https:\\\/\\\/www.tormiq.com\\\/wp-content\\\/uploads\\\/2013\\\/04\\\/cropped-tormiq_lg2.jpg\",\"width\":512,\"height\":512,\"caption\":\"Tormiq Imprenta\"},\"image\":{\"@id\":\"https:\\\/\\\/www.tormiq.com\\\/es\\\/#\\\/schema\\\/logo\\\/image\\\/\"},\"sameAs\":[\"https:\\\/\\\/www.facebook.com\\\/tormiq\",\"https:\\\/\\\/x.com\\\/tormiq_imprenta\",\"https:\\\/\\\/instagram.com\\\/tormiq_impremta\\\/\",\"https:\\\/\\\/www.linkedin.com\\\/company\\\/tormiq-s-l-impremta\",\"https:\\\/\\\/es.pinterest.com\\\/tormiq\\\/\",\"https:\\\/\\\/www.youtube.com\\\/@Tormiq\",\"https:\\\/\\\/twitter.com\\\/tormiq_impremta\"]},{\"@type\":\"Person\",\"@id\":\"https:\\\/\\\/www.tormiq.com\\\/es\\\/#\\\/schema\\\/person\\\/16dcf2b08023055acce5bc467b2bb2aa\",\"name\":\"ru\",\"url\":\"https:\\\/\\\/www.tormiq.com\\\/es\\\/author\\\/achilifunki\\\/\"}]}<\/script>\n<!-- \/ Yoast SEO plugin. -->","yoast_head_json":{"title":"Calendario TORMIQ Imprenta 2024 - Tormiq Imprenta Barcelona","description":"Os presentamos el nuevo calendario de Tormiq 2024, imprenta en Barcelona desde 1968. Hacemos impresi\u00f3n offset, digital y gran formato.","robots":{"index":"index","follow":"follow","max-snippet":"max-snippet:-1","max-image-preview":"max-image-preview:large","max-video-preview":"max-video-preview:-1"},"canonical":"https:\/\/www.tormiq.com\/es\/calendario-tormiq-imprenta-2024\/","og_locale":"es_ES","og_type":"article","og_title":"Calendario TORMIQ Imprenta 2024 - Tormiq Imprenta Barcelona","og_description":"Os presentamos el nuevo calendario de Tormiq 2024, imprenta en Barcelona desde 1968. Hacemos impresi\u00f3n offset, digital y gran formato.","og_url":"https:\/\/www.tormiq.com\/es\/calendario-tormiq-imprenta-2024\/","og_site_name":"Tormiq Imprenta Barcelona","article_publisher":"https:\/\/www.facebook.com\/tormiq","article_published_time":"2024-01-02T09:33:50+00:00","article_modified_time":"2024-01-02T09:38:45+00:00","og_image":[{"width":591,"height":307,"url":"https:\/\/www.tormiq.com\/wp-content\/uploads\/2024\/01\/calendari.png","type":"image\/png"}],"author":"ru","twitter_card":"summary_large_image","twitter_creator":"@tormiq_imprenta","twitter_site":"@tormiq_imprenta","twitter_misc":{"Escrito por":"ru","Tiempo de lectura":"1 minuto"},"schema":{"@context":"https:\/\/schema.org","@graph":[{"@type":"Article","@id":"https:\/\/www.tormiq.com\/es\/calendario-tormiq-imprenta-2024\/#article","isPartOf":{"@id":"https:\/\/www.tormiq.com\/es\/calendario-tormiq-imprenta-2024\/"},"author":{"name":"ru","@id":"https:\/\/www.tormiq.com\/es\/#\/schema\/person\/16dcf2b08023055acce5bc467b2bb2aa"},"headline":"Calendario TORMIQ Imprenta 2024","datePublished":"2024-01-02T09:33:50+00:00","dateModified":"2024-01-02T09:38:45+00:00","mainEntityOfPage":{"@id":"https:\/\/www.tormiq.com\/es\/calendario-tormiq-imprenta-2024\/"},"wordCount":138,"publisher":{"@id":"https:\/\/www.tormiq.com\/es\/#organization"},"image":{"@id":"https:\/\/www.tormiq.com\/es\/calendario-tormiq-imprenta-2024\/#primaryimage"},"thumbnailUrl":"https:\/\/www.tormiq.com\/wp-content\/uploads\/2024\/01\/calendari.png","keywords":["barcelona","calendari","disseny gr\u00e0fic","disseny gr\u00e0fic","imprenta","imprenta","impresi\u00f3n","impressi\u00f3"],"articleSection":["calendari","calendario","disseny","ilustraci\u00f3n","Ilustraci\u00f3n","impresi\u00f3n","tormiq"],"inLanguage":"es"},{"@type":"WebPage","@id":"https:\/\/www.tormiq.com\/es\/calendario-tormiq-imprenta-2024\/","url":"https:\/\/www.tormiq.com\/es\/calendario-tormiq-imprenta-2024\/","name":"Calendario TORMIQ Imprenta 2024 - Tormiq Imprenta Barcelona","isPartOf":{"@id":"https:\/\/www.tormiq.com\/es\/#website"},"primaryImageOfPage":{"@id":"https:\/\/www.tormiq.com\/es\/calendario-tormiq-imprenta-2024\/#primaryimage"},"image":{"@id":"https:\/\/www.tormiq.com\/es\/calendario-tormiq-imprenta-2024\/#primaryimage"},"thumbnailUrl":"https:\/\/www.tormiq.com\/wp-content\/uploads\/2024\/01\/calendari.png","datePublished":"2024-01-02T09:33:50+00:00","dateModified":"2024-01-02T09:38:45+00:00","description":"Os presentamos el nuevo calendario de Tormiq 2024, imprenta en Barcelona desde 1968. Hacemos impresi\u00f3n offset, digital y gran formato.","breadcrumb":{"@id":"https:\/\/www.tormiq.com\/es\/calendario-tormiq-imprenta-2024\/#breadcrumb"},"inLanguage":"es","potentialAction":[{"@type":"ReadAction","target":["https:\/\/www.tormiq.com\/es\/calendario-tormiq-imprenta-2024\/"]}]},{"@type":"ImageObject","inLanguage":"es","@id":"https:\/\/www.tormiq.com\/es\/calendario-tormiq-imprenta-2024\/#primaryimage","url":"https:\/\/www.tormiq.com\/wp-content\/uploads\/2024\/01\/calendari.png","contentUrl":"https:\/\/www.tormiq.com\/wp-content\/uploads\/2024\/01\/calendari.png","width":591,"height":307,"caption":"calendari tormiq imprenta 2024, Barcelona, impressi\u00f3, imprimir"},{"@type":"BreadcrumbList","@id":"https:\/\/www.tormiq.com\/es\/calendario-tormiq-imprenta-2024\/#breadcrumb","itemListElement":[{"@type":"ListItem","position":1,"name":"Portada","item":"https:\/\/www.tormiq.com\/es\/imprenta_barcelona\/"},{"@type":"ListItem","position":2,"name":"Calendario TORMIQ Imprenta 2024"}]},{"@type":"WebSite","@id":"https:\/\/www.tormiq.com\/es\/#website","url":"https:\/\/www.tormiq.com\/es\/","name":"Tormiq Imprenta Barcelona","description":"Tormiq Imprenta - (Sarri\u00e0-St. Gervasi, Barcelona)","publisher":{"@id":"https:\/\/www.tormiq.com\/es\/#organization"},"potentialAction":[{"@type":"SearchAction","target":{"@type":"EntryPoint","urlTemplate":"https:\/\/www.tormiq.com\/es\/?s={search_term_string}"},"query-input":{"@type":"PropertyValueSpecification","valueRequired":true,"valueName":"search_term_string"}}],"inLanguage":"es"},{"@type":"Organization","@id":"https:\/\/www.tormiq.com\/es\/#organization","name":"Tormiq Imprenta","alternateName":"Tormiq Imprenta Barcelona","url":"https:\/\/www.tormiq.com\/es\/","logo":{"@type":"ImageObject","inLanguage":"es","@id":"https:\/\/www.tormiq.com\/es\/#\/schema\/logo\/image\/","url":"https:\/\/www.tormiq.com\/wp-content\/uploads\/2013\/04\/cropped-tormiq_lg2.jpg","contentUrl":"https:\/\/www.tormiq.com\/wp-content\/uploads\/2013\/04\/cropped-tormiq_lg2.jpg","width":512,"height":512,"caption":"Tormiq Imprenta"},"image":{"@id":"https:\/\/www.tormiq.com\/es\/#\/schema\/logo\/image\/"},"sameAs":["https:\/\/www.facebook.com\/tormiq","https:\/\/x.com\/tormiq_imprenta","https:\/\/instagram.com\/tormiq_impremta\/","https:\/\/www.linkedin.com\/company\/tormiq-s-l-impremta","https:\/\/es.pinterest.com\/tormiq\/","https:\/\/www.youtube.com\/@Tormiq","https:\/\/twitter.com\/tormiq_impremta"]},{"@type":"Person","@id":"https:\/\/www.tormiq.com\/es\/#\/schema\/person\/16dcf2b08023055acce5bc467b2bb2aa","name":"ru","url":"https:\/\/www.tormiq.com\/es\/author\/achilifunki\/"}]}},"_links":{"self":[{"href":"https:\/\/www.tormiq.com\/es\/wp-json\/wp\/v2\/posts\/7874","targetHints":{"allow":["GET"]}}],"collection":[{"href":"https:\/\/www.tormiq.com\/es\/wp-json\/wp\/v2\/posts"}],"about":[{"href":"https:\/\/www.tormiq.com\/es\/wp-json\/wp\/v2\/types\/post"}],"author":[{"embeddable":true,"href":"https:\/\/www.tormiq.com\/es\/wp-json\/wp\/v2\/users\/2"}],"replies":[{"embeddable":true,"href":"https:\/\/www.tormiq.com\/es\/wp-json\/wp\/v2\/comments?post=7874"}],"version-history":[{"count":2,"href":"https:\/\/www.tormiq.com\/es\/wp-json\/wp\/v2\/posts\/7874\/revisions"}],"predecessor-version":[{"id":7877,"href":"https:\/\/www.tormiq.com\/es\/wp-json\/wp\/v2\/posts\/7874\/revisions\/7877"}],"wp:featuredmedia":[{"embeddable":true,"href":"https:\/\/www.tormiq.com\/es\/wp-json\/wp\/v2\/media\/7872"}],"wp:attachment":[{"href":"https:\/\/www.tormiq.com\/es\/wp-json\/wp\/v2\/media?parent=7874"}],"wp:term":[{"taxonomy":"category","embeddable":true,"href":"https:\/\/www.tormiq.com\/es\/wp-json\/wp\/v2\/categories?post=7874"},{"taxonomy":"post_tag","embeddable":true,"href":"https:\/\/www.tormiq.com\/es\/wp-json\/wp\/v2\/tags?post=7874"}],"curies":[{"name":"wp","href":"https:\/\/api.w.org\/{rel}","templated":true}]}}