{"id":8195,"date":"2025-01-07T14:32:51","date_gmt":"2025-01-07T14:32:51","guid":{"rendered":"https:\/\/www.tormiq.com\/calendario-tormiq-imprenta-2025-un-calendario-de-mesa-disenado-y-producido-en-barcelona\/"},"modified":"2025-01-07T14:42:24","modified_gmt":"2025-01-07T14:42:24","slug":"calendario-tormiq-imprenta-2025-un-calendario-de-mesa-disenado-y-producido-en-barcelona","status":"publish","type":"post","link":"https:\/\/www.tormiq.com\/es\/calendario-tormiq-imprenta-2025-un-calendario-de-mesa-disenado-y-producido-en-barcelona\/","title":{"rendered":"Calendario Tormiq Imprenta 2025: Un calendario de mesa dise\u00f1ado y producido en Barcelona"},"content":{"rendered":"<p class=\"p1\">El 2025 ya est\u00e1 aqu\u00ed, y con \u00e9l llega nuestro <strong>calendario de mesa<\/strong>, dise\u00f1ado y producido en nuestra <strong>imprenta de proximidad en Barcelona<\/strong>. Esta tradici\u00f3n nos acompa\u00f1a desde nuestros inicios y evoluciona cada a\u00f1o para adaptarse a las nuevas tecnolog\u00edas.<\/p>\n\n\n<h2 class=\"wp-block-heading\"><p class=\"p1\"><b>Un calendario de mesa con dise\u00f1o y color<\/b><\/p><\/h2>\n\n\n<p class=\"p1\">Para el <strong>calendario Tormiq Imprenta 2025<\/strong>, hemos creado un dise\u00f1o con un degradado de colores que transita de tonos m\u00e1s fr\u00edos a m\u00e1s c\u00e1lidos a lo largo del a\u00f1o. De esta forma, cada mes tiene una gama crom\u00e1tica que aporta dinamismo visual.<\/p>\n\n\n<p>El dise\u00f1o del calendario presenta dos caras:<\/p>\n\n\n\n<p>\t\u2022\tUna cara con el mes destacado, su n\u00famero grande y un degradado de colores que acompa\u00f1a los d\u00edas.<\/p>\n\n\n\n<p>\t\u2022\tOtra cara en formato cl\u00e1sico por semanas, con n\u00fameros grandes y espaciados para facilitar las anotaciones.<\/p>\n\n\n<p class=\"p1\">Adem\u00e1s, incluye una hoja de adhesivos transparentes con los mismos degradados para marcar los d\u00edas m\u00e1s importantes. El color rojo de los meses y de los d\u00edas festivos se coordina con el dise\u00f1o interior de la peana, creando una armon\u00eda visual.<\/p>\n\n\n<h2 class=\"wp-block-heading\">Materiales sostenibles y acabados dise\u00f1ados para el uso diario<\/h2>\n\n\n<p class=\"p1\">Las hojas del calendario est\u00e1n fabricadas con <strong>Fedrigoni Special Papers: Arena High Definition Extra White<\/strong> de 140 g, un papel con certificaci\u00f3n FSC MIX CREDIT que garantiza que los materiales provienen de bosques gestionados de forma responsable. Este papel ofrece una gran calidad de impresi\u00f3n y un tacto natural.<\/p>\n\n<p class=\"p1\">La peana est\u00e1 elaborada con <strong>Colorplan Duplex Slate Wire + Bright Red Plain<\/strong> de 350 g, tambi\u00e9n con certificaci\u00f3n FSC, que aporta un elegante contraste de colores. Todos los papeles utilizados cuentan con certificaci\u00f3n FSC.<\/p>\n\n<p>Adem\u00e1s, hemos aprovechado las capacidades de nuestra impresora <strong>Ricoh C7500<\/strong> para a\u00f1adir detalles especiales en la peana, como la impresi\u00f3n en <strong>t\u00f3ner GOLD<\/strong> (tinta dorada) y <strong>t\u00f3ner WHITE<\/strong> (tinta blanca), que aportan un toque distintivo.<\/p>\n\n\n<h2 class=\"wp-block-heading\">M\u00e1s de 50 a\u00f1os de proximidad en Barcelona<\/h2>\n\n\n<p class=\"p1\">En Tormiq Imprenta llevamos m\u00e1s de <strong>50 a\u00f1os trabajando en Barcelona<\/strong>, ofreciendo servicios de impresi\u00f3n para todo tipo de proyectos. Nos consideramos una imprenta de proximidad, cercana a nuestros clientes y comprometida con compartir nuestro conocimiento sobre los procesos de impresi\u00f3n, ya sea digital, offset o gran formato.<\/p>\n\n<p class=\"p1\">Este a\u00f1o hemos decidido mostrar nuestro proceso de producci\u00f3n en un v\u00eddeo, donde podr\u00e1s ver, paso a paso, c\u00f3mo se realiza el calendario, desde el corte del papel hasta el resultado final. Esto permite a nuestros clientes conocer mejor el proceso y valorar el trabajo que realizamos cada d\u00eda en nuestra <strong>imprenta en Barcelona<\/strong>.<\/p>\n\n\n<h2 class=\"wp-block-heading\">Descubre el calendario Tormiq 2025<\/h2>\n\n\n<p class=\"p1\">Si te interesa el mundo de la impresi\u00f3n o buscas una <strong>imprenta de proximidad en Barcelona<\/strong>, te invitamos a seguirnos en nuestro canal de <a href=\"https:\/\/www.youtube.com\/@Tormiq\">YouTube<\/a>. All\u00ed encontrar\u00e1s v\u00eddeos donde compartimos nuestro proceso de creaci\u00f3n y producci\u00f3n.<\/p>\n\n<p class=\"p1\"><strong>Haz que cada d\u00eda de este 2025 sea especial con el calendario de mesa Tormiq Imprenta<\/strong><b>.<\/b><\/p>\n\n\n<figure class=\"wp-block-embed is-type-video is-provider-youtube wp-block-embed-youtube wp-embed-aspect-16-9 wp-has-aspect-ratio\"><div class=\"wp-block-embed__wrapper\">\n<div class='avia-iframe-wrap'><iframe loading=\"lazy\" title=\"C\u00f3mo creamos nuestros calendarios para 2025 | Proceso de impresi\u00f3n en TORMIQ IMPREMTA\" width=\"1500\" height=\"844\" src=\"https:\/\/www.youtube.com\/embed\/juuImaEQmbI?feature=oembed\" frameborder=\"0\" allow=\"accelerometer; autoplay; clipboard-write; encrypted-media; gyroscope; picture-in-picture; web-share\" referrerpolicy=\"strict-origin-when-cross-origin\" allowfullscreen><\/iframe><\/div>\n<\/div><\/figure>\n\n\n\n<figure class=\"wp-block-image size-full\"><a href=\"https:\/\/www.tormiq.com\/wp-content\/uploads\/2025\/01\/abril.jpg\"><img loading=\"lazy\" decoding=\"async\" width=\"800\" height=\"800\" src=\"https:\/\/www.tormiq.com\/wp-content\/uploads\/2025\/01\/abril.jpg\" alt=\"Calendario Tormiq Imprenta. Impresi\u00f3n en Barcelona.\" class=\"wp-image-8178\" srcset=\"https:\/\/www.tormiq.com\/wp-content\/uploads\/2025\/01\/abril.jpg 800w, https:\/\/www.tormiq.com\/wp-content\/uploads\/2025\/01\/abril-300x300.jpg 300w, https:\/\/www.tormiq.com\/wp-content\/uploads\/2025\/01\/abril-80x80.jpg 80w, https:\/\/www.tormiq.com\/wp-content\/uploads\/2025\/01\/abril-768x768.jpg 768w, https:\/\/www.tormiq.com\/wp-content\/uploads\/2025\/01\/abril-36x36.jpg 36w, https:\/\/www.tormiq.com\/wp-content\/uploads\/2025\/01\/abril-180x180.jpg 180w, https:\/\/www.tormiq.com\/wp-content\/uploads\/2025\/01\/abril-705x705.jpg 705w\" sizes=\"auto, (max-width: 800px) 100vw, 800px\" \/><\/a><figcaption class=\"wp-element-caption\">Calendario Tormiq Imprenta. Impresi\u00f3n en Barcelona.<\/figcaption><\/figure>\n\n\n\n<figure class=\"wp-block-image size-full\"><a href=\"https:\/\/www.tormiq.com\/wp-content\/uploads\/2025\/01\/maig.jpg\"><img loading=\"lazy\" decoding=\"async\" width=\"800\" height=\"800\" src=\"https:\/\/www.tormiq.com\/wp-content\/uploads\/2025\/01\/maig.jpg\" alt=\"Calendario Tormiq Imprenta. Impresi\u00f3n en Barcelona.\" class=\"wp-image-8184\" srcset=\"https:\/\/www.tormiq.com\/wp-content\/uploads\/2025\/01\/maig.jpg 800w, https:\/\/www.tormiq.com\/wp-content\/uploads\/2025\/01\/maig-300x300.jpg 300w, https:\/\/www.tormiq.com\/wp-content\/uploads\/2025\/01\/maig-80x80.jpg 80w, https:\/\/www.tormiq.com\/wp-content\/uploads\/2025\/01\/maig-768x768.jpg 768w, https:\/\/www.tormiq.com\/wp-content\/uploads\/2025\/01\/maig-36x36.jpg 36w, https:\/\/www.tormiq.com\/wp-content\/uploads\/2025\/01\/maig-180x180.jpg 180w, https:\/\/www.tormiq.com\/wp-content\/uploads\/2025\/01\/maig-705x705.jpg 705w\" sizes=\"auto, (max-width: 800px) 100vw, 800px\" \/><\/a><figcaption class=\"wp-element-caption\">Calendario Tormiq Imprenta. Impresi\u00f3n en Barcelona.<\/figcaption><\/figure>\n\n\n\n<figure class=\"wp-block-image size-full\"><a href=\"https:\/\/www.tormiq.com\/wp-content\/uploads\/2025\/01\/12.jpg\"><img loading=\"lazy\" decoding=\"async\" width=\"800\" height=\"800\" src=\"https:\/\/www.tormiq.com\/wp-content\/uploads\/2025\/01\/12.jpg\" alt=\"Calendario Tormiq Imprenta. Impresi\u00f3n en Barcelona.\" class=\"wp-image-8181\" srcset=\"https:\/\/www.tormiq.com\/wp-content\/uploads\/2025\/01\/12.jpg 800w, https:\/\/www.tormiq.com\/wp-content\/uploads\/2025\/01\/12-300x300.jpg 300w, https:\/\/www.tormiq.com\/wp-content\/uploads\/2025\/01\/12-80x80.jpg 80w, https:\/\/www.tormiq.com\/wp-content\/uploads\/2025\/01\/12-768x768.jpg 768w, https:\/\/www.tormiq.com\/wp-content\/uploads\/2025\/01\/12-36x36.jpg 36w, https:\/\/www.tormiq.com\/wp-content\/uploads\/2025\/01\/12-180x180.jpg 180w, https:\/\/www.tormiq.com\/wp-content\/uploads\/2025\/01\/12-705x705.jpg 705w\" sizes=\"auto, (max-width: 800px) 100vw, 800px\" \/><\/a><figcaption class=\"wp-element-caption\">Calendario Tormiq Imprenta. Impresi\u00f3n en Barcelona.<\/figcaption><\/figure>\n","protected":false},"excerpt":{"rendered":"<p>El 2025 ya est\u00e1 aqu\u00ed, y con \u00e9l llega nuestro calendario de mesa, dise\u00f1ado y producido en nuestra imprenta de proximidad en Barcelona. Esta tradici\u00f3n nos acompa\u00f1a desde nuestros inicios y evoluciona cada a\u00f1o para adaptarse a las nuevas tecnolog\u00edas. Un calendario de mesa con dise\u00f1o y color Para el calendario Tormiq Imprenta 2025, hemos [&hellip;]<\/p>\n","protected":false},"author":2,"featured_media":8189,"comment_status":"closed","ping_status":"open","sticky":false,"template":"","format":"standard","meta":{"footnotes":""},"categories":[564,643,461,305],"tags":[112,470,1077,439,111,489,438,1076,113,416],"class_list":["post-8195","post","type-post","status-publish","format-standard","has-post-thumbnail","hentry","category-calendario","category-creatividad","category-impresion","category-paper-es","tag-barcelona-es","tag-calendario-es","tag-calendario-de-mesa","tag-digital-es","tag-imprenta_es","tag-impresion","tag-offset_es","tag-proximidad","tag-sarria-es","tag-tormiq-es"],"yoast_head":"<!-- This site is optimized with the Yoast SEO plugin v27.4 - https:\/\/yoast.com\/product\/yoast-seo-wordpress\/ -->\n<title>Calendario Tormiq Imprenta 2025: Un calendario de mesa dise\u00f1ado y producido en Barcelona - Tormiq Imprenta Barcelona<\/title>\n<meta name=\"description\" content=\"Descubre el calendario de mesa 2025 de Tormiq Imprenta, dise\u00f1ado en nuestra imprenta de proximidad en Barcelona. Estilo, calidad y materiales sostenibles.\" \/>\n<meta name=\"robots\" content=\"index, follow, max-snippet:-1, max-image-preview:large, max-video-preview:-1\" \/>\n<link rel=\"canonical\" href=\"https:\/\/www.tormiq.com\/es\/calendario-tormiq-imprenta-2025-un-calendario-de-mesa-disenado-y-producido-en-barcelona\/\" \/>\n<meta property=\"og:locale\" content=\"es_ES\" \/>\n<meta property=\"og:type\" content=\"article\" \/>\n<meta property=\"og:title\" content=\"Calendario Tormiq Imprenta 2025: Un calendario de mesa dise\u00f1ado y producido en Barcelona - Tormiq Imprenta Barcelona\" \/>\n<meta property=\"og:description\" content=\"Descubre el calendario de mesa 2025 de Tormiq Imprenta, dise\u00f1ado en nuestra imprenta de proximidad en Barcelona. Estilo, calidad y materiales sostenibles.\" \/>\n<meta property=\"og:url\" content=\"https:\/\/www.tormiq.com\/es\/calendario-tormiq-imprenta-2025-un-calendario-de-mesa-disenado-y-producido-en-barcelona\/\" \/>\n<meta property=\"og:site_name\" content=\"Tormiq Imprenta Barcelona\" \/>\n<meta property=\"article:publisher\" content=\"https:\/\/www.facebook.com\/tormiq\" \/>\n<meta property=\"article:published_time\" content=\"2025-01-07T14:32:51+00:00\" \/>\n<meta property=\"article:modified_time\" content=\"2025-01-07T14:42:24+00:00\" \/>\n<meta property=\"og:image\" content=\"https:\/\/www.tormiq.com\/wp-content\/uploads\/2025\/01\/gener.jpg\" \/>\n\t<meta property=\"og:image:width\" content=\"800\" \/>\n\t<meta property=\"og:image:height\" content=\"800\" \/>\n\t<meta property=\"og:image:type\" content=\"image\/jpeg\" \/>\n<meta name=\"author\" content=\"ru\" \/>\n<meta name=\"twitter:card\" content=\"summary_large_image\" \/>\n<meta name=\"twitter:creator\" content=\"@tormiq_imprenta\" \/>\n<meta name=\"twitter:site\" content=\"@tormiq_imprenta\" \/>\n<meta name=\"twitter:label1\" content=\"Escrito por\" \/>\n\t<meta name=\"twitter:data1\" content=\"ru\" \/>\n\t<meta name=\"twitter:label2\" content=\"Tiempo de lectura\" \/>\n\t<meta name=\"twitter:data2\" content=\"3 minutos\" \/>\n<script type=\"application\/ld+json\" class=\"yoast-schema-graph\">{\"@context\":\"https:\\\/\\\/schema.org\",\"@graph\":[{\"@type\":\"Article\",\"@id\":\"https:\\\/\\\/www.tormiq.com\\\/es\\\/calendario-tormiq-imprenta-2025-un-calendario-de-mesa-disenado-y-producido-en-barcelona\\\/#article\",\"isPartOf\":{\"@id\":\"https:\\\/\\\/www.tormiq.com\\\/es\\\/calendario-tormiq-imprenta-2025-un-calendario-de-mesa-disenado-y-producido-en-barcelona\\\/\"},\"author\":{\"name\":\"ru\",\"@id\":\"https:\\\/\\\/www.tormiq.com\\\/es\\\/#\\\/schema\\\/person\\\/16dcf2b08023055acce5bc467b2bb2aa\"},\"headline\":\"Calendario Tormiq Imprenta 2025: Un calendario de mesa dise\u00f1ado y producido en Barcelona\",\"datePublished\":\"2025-01-07T14:32:51+00:00\",\"dateModified\":\"2025-01-07T14:42:24+00:00\",\"mainEntityOfPage\":{\"@id\":\"https:\\\/\\\/www.tormiq.com\\\/es\\\/calendario-tormiq-imprenta-2025-un-calendario-de-mesa-disenado-y-producido-en-barcelona\\\/\"},\"wordCount\":554,\"publisher\":{\"@id\":\"https:\\\/\\\/www.tormiq.com\\\/es\\\/#organization\"},\"image\":{\"@id\":\"https:\\\/\\\/www.tormiq.com\\\/es\\\/calendario-tormiq-imprenta-2025-un-calendario-de-mesa-disenado-y-producido-en-barcelona\\\/#primaryimage\"},\"thumbnailUrl\":\"https:\\\/\\\/www.tormiq.com\\\/wp-content\\\/uploads\\\/2025\\\/01\\\/gener.jpg\",\"keywords\":[\"barcelona\",\"calendario\",\"calendario de mesa\",\"digital\",\"imprenta\",\"impresi\u00f3n\",\"Offset\",\"proximidad\",\"sarri\u00e0\",\"tormiq\"],\"articleSection\":[\"calendario\",\"creatividad\",\"impresi\u00f3n\",\"paper\"],\"inLanguage\":\"es\"},{\"@type\":\"WebPage\",\"@id\":\"https:\\\/\\\/www.tormiq.com\\\/es\\\/calendario-tormiq-imprenta-2025-un-calendario-de-mesa-disenado-y-producido-en-barcelona\\\/\",\"url\":\"https:\\\/\\\/www.tormiq.com\\\/es\\\/calendario-tormiq-imprenta-2025-un-calendario-de-mesa-disenado-y-producido-en-barcelona\\\/\",\"name\":\"Calendario Tormiq Imprenta 2025: Un calendario de mesa dise\u00f1ado y producido en Barcelona - Tormiq Imprenta Barcelona\",\"isPartOf\":{\"@id\":\"https:\\\/\\\/www.tormiq.com\\\/es\\\/#website\"},\"primaryImageOfPage\":{\"@id\":\"https:\\\/\\\/www.tormiq.com\\\/es\\\/calendario-tormiq-imprenta-2025-un-calendario-de-mesa-disenado-y-producido-en-barcelona\\\/#primaryimage\"},\"image\":{\"@id\":\"https:\\\/\\\/www.tormiq.com\\\/es\\\/calendario-tormiq-imprenta-2025-un-calendario-de-mesa-disenado-y-producido-en-barcelona\\\/#primaryimage\"},\"thumbnailUrl\":\"https:\\\/\\\/www.tormiq.com\\\/wp-content\\\/uploads\\\/2025\\\/01\\\/gener.jpg\",\"datePublished\":\"2025-01-07T14:32:51+00:00\",\"dateModified\":\"2025-01-07T14:42:24+00:00\",\"description\":\"Descubre el calendario de mesa 2025 de Tormiq Imprenta, dise\u00f1ado en nuestra imprenta de proximidad en Barcelona. Estilo, calidad y materiales sostenibles.\",\"breadcrumb\":{\"@id\":\"https:\\\/\\\/www.tormiq.com\\\/es\\\/calendario-tormiq-imprenta-2025-un-calendario-de-mesa-disenado-y-producido-en-barcelona\\\/#breadcrumb\"},\"inLanguage\":\"es\",\"potentialAction\":[{\"@type\":\"ReadAction\",\"target\":[\"https:\\\/\\\/www.tormiq.com\\\/es\\\/calendario-tormiq-imprenta-2025-un-calendario-de-mesa-disenado-y-producido-en-barcelona\\\/\"]}]},{\"@type\":\"ImageObject\",\"inLanguage\":\"es\",\"@id\":\"https:\\\/\\\/www.tormiq.com\\\/es\\\/calendario-tormiq-imprenta-2025-un-calendario-de-mesa-disenado-y-producido-en-barcelona\\\/#primaryimage\",\"url\":\"https:\\\/\\\/www.tormiq.com\\\/wp-content\\\/uploads\\\/2025\\\/01\\\/gener.jpg\",\"contentUrl\":\"https:\\\/\\\/www.tormiq.com\\\/wp-content\\\/uploads\\\/2025\\\/01\\\/gener.jpg\",\"width\":800,\"height\":800,\"caption\":\"Calendari Tormiq Impremta. Impressi\u00f3 a Barcelona.\"},{\"@type\":\"BreadcrumbList\",\"@id\":\"https:\\\/\\\/www.tormiq.com\\\/es\\\/calendario-tormiq-imprenta-2025-un-calendario-de-mesa-disenado-y-producido-en-barcelona\\\/#breadcrumb\",\"itemListElement\":[{\"@type\":\"ListItem\",\"position\":1,\"name\":\"Portada\",\"item\":\"https:\\\/\\\/www.tormiq.com\\\/es\\\/imprenta_barcelona\\\/\"},{\"@type\":\"ListItem\",\"position\":2,\"name\":\"Calendario Tormiq Imprenta 2025: Un calendario de mesa dise\u00f1ado y producido en Barcelona\"}]},{\"@type\":\"WebSite\",\"@id\":\"https:\\\/\\\/www.tormiq.com\\\/es\\\/#website\",\"url\":\"https:\\\/\\\/www.tormiq.com\\\/es\\\/\",\"name\":\"Tormiq Imprenta Barcelona\",\"description\":\"Tormiq Imprenta - (Sarri\u00e0-St. Gervasi, Barcelona)\",\"publisher\":{\"@id\":\"https:\\\/\\\/www.tormiq.com\\\/es\\\/#organization\"},\"potentialAction\":[{\"@type\":\"SearchAction\",\"target\":{\"@type\":\"EntryPoint\",\"urlTemplate\":\"https:\\\/\\\/www.tormiq.com\\\/es\\\/?s={search_term_string}\"},\"query-input\":{\"@type\":\"PropertyValueSpecification\",\"valueRequired\":true,\"valueName\":\"search_term_string\"}}],\"inLanguage\":\"es\"},{\"@type\":\"Organization\",\"@id\":\"https:\\\/\\\/www.tormiq.com\\\/es\\\/#organization\",\"name\":\"Tormiq Imprenta\",\"alternateName\":\"Tormiq Imprenta Barcelona\",\"url\":\"https:\\\/\\\/www.tormiq.com\\\/es\\\/\",\"logo\":{\"@type\":\"ImageObject\",\"inLanguage\":\"es\",\"@id\":\"https:\\\/\\\/www.tormiq.com\\\/es\\\/#\\\/schema\\\/logo\\\/image\\\/\",\"url\":\"https:\\\/\\\/www.tormiq.com\\\/wp-content\\\/uploads\\\/2013\\\/04\\\/cropped-tormiq_lg2.jpg\",\"contentUrl\":\"https:\\\/\\\/www.tormiq.com\\\/wp-content\\\/uploads\\\/2013\\\/04\\\/cropped-tormiq_lg2.jpg\",\"width\":512,\"height\":512,\"caption\":\"Tormiq Imprenta\"},\"image\":{\"@id\":\"https:\\\/\\\/www.tormiq.com\\\/es\\\/#\\\/schema\\\/logo\\\/image\\\/\"},\"sameAs\":[\"https:\\\/\\\/www.facebook.com\\\/tormiq\",\"https:\\\/\\\/x.com\\\/tormiq_imprenta\",\"https:\\\/\\\/instagram.com\\\/tormiq_impremta\\\/\",\"https:\\\/\\\/www.linkedin.com\\\/company\\\/tormiq-s-l-impremta\",\"https:\\\/\\\/es.pinterest.com\\\/tormiq\\\/\",\"https:\\\/\\\/www.youtube.com\\\/@Tormiq\",\"https:\\\/\\\/twitter.com\\\/tormiq_impremta\"]},{\"@type\":\"Person\",\"@id\":\"https:\\\/\\\/www.tormiq.com\\\/es\\\/#\\\/schema\\\/person\\\/16dcf2b08023055acce5bc467b2bb2aa\",\"name\":\"ru\",\"url\":\"https:\\\/\\\/www.tormiq.com\\\/es\\\/author\\\/achilifunki\\\/\"}]}<\/script>\n<!-- \/ Yoast SEO plugin. -->","yoast_head_json":{"title":"Calendario Tormiq Imprenta 2025: Un calendario de mesa dise\u00f1ado y producido en Barcelona - Tormiq Imprenta Barcelona","description":"Descubre el calendario de mesa 2025 de Tormiq Imprenta, dise\u00f1ado en nuestra imprenta de proximidad en Barcelona. Estilo, calidad y materiales sostenibles.","robots":{"index":"index","follow":"follow","max-snippet":"max-snippet:-1","max-image-preview":"max-image-preview:large","max-video-preview":"max-video-preview:-1"},"canonical":"https:\/\/www.tormiq.com\/es\/calendario-tormiq-imprenta-2025-un-calendario-de-mesa-disenado-y-producido-en-barcelona\/","og_locale":"es_ES","og_type":"article","og_title":"Calendario Tormiq Imprenta 2025: Un calendario de mesa dise\u00f1ado y producido en Barcelona - Tormiq Imprenta Barcelona","og_description":"Descubre el calendario de mesa 2025 de Tormiq Imprenta, dise\u00f1ado en nuestra imprenta de proximidad en Barcelona. Estilo, calidad y materiales sostenibles.","og_url":"https:\/\/www.tormiq.com\/es\/calendario-tormiq-imprenta-2025-un-calendario-de-mesa-disenado-y-producido-en-barcelona\/","og_site_name":"Tormiq Imprenta Barcelona","article_publisher":"https:\/\/www.facebook.com\/tormiq","article_published_time":"2025-01-07T14:32:51+00:00","article_modified_time":"2025-01-07T14:42:24+00:00","og_image":[{"width":800,"height":800,"url":"https:\/\/www.tormiq.com\/wp-content\/uploads\/2025\/01\/gener.jpg","type":"image\/jpeg"}],"author":"ru","twitter_card":"summary_large_image","twitter_creator":"@tormiq_imprenta","twitter_site":"@tormiq_imprenta","twitter_misc":{"Escrito por":"ru","Tiempo de lectura":"3 minutos"},"schema":{"@context":"https:\/\/schema.org","@graph":[{"@type":"Article","@id":"https:\/\/www.tormiq.com\/es\/calendario-tormiq-imprenta-2025-un-calendario-de-mesa-disenado-y-producido-en-barcelona\/#article","isPartOf":{"@id":"https:\/\/www.tormiq.com\/es\/calendario-tormiq-imprenta-2025-un-calendario-de-mesa-disenado-y-producido-en-barcelona\/"},"author":{"name":"ru","@id":"https:\/\/www.tormiq.com\/es\/#\/schema\/person\/16dcf2b08023055acce5bc467b2bb2aa"},"headline":"Calendario Tormiq Imprenta 2025: Un calendario de mesa dise\u00f1ado y producido en Barcelona","datePublished":"2025-01-07T14:32:51+00:00","dateModified":"2025-01-07T14:42:24+00:00","mainEntityOfPage":{"@id":"https:\/\/www.tormiq.com\/es\/calendario-tormiq-imprenta-2025-un-calendario-de-mesa-disenado-y-producido-en-barcelona\/"},"wordCount":554,"publisher":{"@id":"https:\/\/www.tormiq.com\/es\/#organization"},"image":{"@id":"https:\/\/www.tormiq.com\/es\/calendario-tormiq-imprenta-2025-un-calendario-de-mesa-disenado-y-producido-en-barcelona\/#primaryimage"},"thumbnailUrl":"https:\/\/www.tormiq.com\/wp-content\/uploads\/2025\/01\/gener.jpg","keywords":["barcelona","calendario","calendario de mesa","digital","imprenta","impresi\u00f3n","Offset","proximidad","sarri\u00e0","tormiq"],"articleSection":["calendario","creatividad","impresi\u00f3n","paper"],"inLanguage":"es"},{"@type":"WebPage","@id":"https:\/\/www.tormiq.com\/es\/calendario-tormiq-imprenta-2025-un-calendario-de-mesa-disenado-y-producido-en-barcelona\/","url":"https:\/\/www.tormiq.com\/es\/calendario-tormiq-imprenta-2025-un-calendario-de-mesa-disenado-y-producido-en-barcelona\/","name":"Calendario Tormiq Imprenta 2025: Un calendario de mesa dise\u00f1ado y producido en Barcelona - Tormiq Imprenta Barcelona","isPartOf":{"@id":"https:\/\/www.tormiq.com\/es\/#website"},"primaryImageOfPage":{"@id":"https:\/\/www.tormiq.com\/es\/calendario-tormiq-imprenta-2025-un-calendario-de-mesa-disenado-y-producido-en-barcelona\/#primaryimage"},"image":{"@id":"https:\/\/www.tormiq.com\/es\/calendario-tormiq-imprenta-2025-un-calendario-de-mesa-disenado-y-producido-en-barcelona\/#primaryimage"},"thumbnailUrl":"https:\/\/www.tormiq.com\/wp-content\/uploads\/2025\/01\/gener.jpg","datePublished":"2025-01-07T14:32:51+00:00","dateModified":"2025-01-07T14:42:24+00:00","description":"Descubre el calendario de mesa 2025 de Tormiq Imprenta, dise\u00f1ado en nuestra imprenta de proximidad en Barcelona. Estilo, calidad y materiales sostenibles.","breadcrumb":{"@id":"https:\/\/www.tormiq.com\/es\/calendario-tormiq-imprenta-2025-un-calendario-de-mesa-disenado-y-producido-en-barcelona\/#breadcrumb"},"inLanguage":"es","potentialAction":[{"@type":"ReadAction","target":["https:\/\/www.tormiq.com\/es\/calendario-tormiq-imprenta-2025-un-calendario-de-mesa-disenado-y-producido-en-barcelona\/"]}]},{"@type":"ImageObject","inLanguage":"es","@id":"https:\/\/www.tormiq.com\/es\/calendario-tormiq-imprenta-2025-un-calendario-de-mesa-disenado-y-producido-en-barcelona\/#primaryimage","url":"https:\/\/www.tormiq.com\/wp-content\/uploads\/2025\/01\/gener.jpg","contentUrl":"https:\/\/www.tormiq.com\/wp-content\/uploads\/2025\/01\/gener.jpg","width":800,"height":800,"caption":"Calendari Tormiq Impremta. Impressi\u00f3 a Barcelona."},{"@type":"BreadcrumbList","@id":"https:\/\/www.tormiq.com\/es\/calendario-tormiq-imprenta-2025-un-calendario-de-mesa-disenado-y-producido-en-barcelona\/#breadcrumb","itemListElement":[{"@type":"ListItem","position":1,"name":"Portada","item":"https:\/\/www.tormiq.com\/es\/imprenta_barcelona\/"},{"@type":"ListItem","position":2,"name":"Calendario Tormiq Imprenta 2025: Un calendario de mesa dise\u00f1ado y producido en Barcelona"}]},{"@type":"WebSite","@id":"https:\/\/www.tormiq.com\/es\/#website","url":"https:\/\/www.tormiq.com\/es\/","name":"Tormiq Imprenta Barcelona","description":"Tormiq Imprenta - (Sarri\u00e0-St. Gervasi, Barcelona)","publisher":{"@id":"https:\/\/www.tormiq.com\/es\/#organization"},"potentialAction":[{"@type":"SearchAction","target":{"@type":"EntryPoint","urlTemplate":"https:\/\/www.tormiq.com\/es\/?s={search_term_string}"},"query-input":{"@type":"PropertyValueSpecification","valueRequired":true,"valueName":"search_term_string"}}],"inLanguage":"es"},{"@type":"Organization","@id":"https:\/\/www.tormiq.com\/es\/#organization","name":"Tormiq Imprenta","alternateName":"Tormiq Imprenta Barcelona","url":"https:\/\/www.tormiq.com\/es\/","logo":{"@type":"ImageObject","inLanguage":"es","@id":"https:\/\/www.tormiq.com\/es\/#\/schema\/logo\/image\/","url":"https:\/\/www.tormiq.com\/wp-content\/uploads\/2013\/04\/cropped-tormiq_lg2.jpg","contentUrl":"https:\/\/www.tormiq.com\/wp-content\/uploads\/2013\/04\/cropped-tormiq_lg2.jpg","width":512,"height":512,"caption":"Tormiq Imprenta"},"image":{"@id":"https:\/\/www.tormiq.com\/es\/#\/schema\/logo\/image\/"},"sameAs":["https:\/\/www.facebook.com\/tormiq","https:\/\/x.com\/tormiq_imprenta","https:\/\/instagram.com\/tormiq_impremta\/","https:\/\/www.linkedin.com\/company\/tormiq-s-l-impremta","https:\/\/es.pinterest.com\/tormiq\/","https:\/\/www.youtube.com\/@Tormiq","https:\/\/twitter.com\/tormiq_impremta"]},{"@type":"Person","@id":"https:\/\/www.tormiq.com\/es\/#\/schema\/person\/16dcf2b08023055acce5bc467b2bb2aa","name":"ru","url":"https:\/\/www.tormiq.com\/es\/author\/achilifunki\/"}]}},"_links":{"self":[{"href":"https:\/\/www.tormiq.com\/es\/wp-json\/wp\/v2\/posts\/8195","targetHints":{"allow":["GET"]}}],"collection":[{"href":"https:\/\/www.tormiq.com\/es\/wp-json\/wp\/v2\/posts"}],"about":[{"href":"https:\/\/www.tormiq.com\/es\/wp-json\/wp\/v2\/types\/post"}],"author":[{"embeddable":true,"href":"https:\/\/www.tormiq.com\/es\/wp-json\/wp\/v2\/users\/2"}],"replies":[{"embeddable":true,"href":"https:\/\/www.tormiq.com\/es\/wp-json\/wp\/v2\/comments?post=8195"}],"version-history":[{"count":2,"href":"https:\/\/www.tormiq.com\/es\/wp-json\/wp\/v2\/posts\/8195\/revisions"}],"predecessor-version":[{"id":8198,"href":"https:\/\/www.tormiq.com\/es\/wp-json\/wp\/v2\/posts\/8195\/revisions\/8198"}],"wp:featuredmedia":[{"embeddable":true,"href":"https:\/\/www.tormiq.com\/es\/wp-json\/wp\/v2\/media\/8189"}],"wp:attachment":[{"href":"https:\/\/www.tormiq.com\/es\/wp-json\/wp\/v2\/media?parent=8195"}],"wp:term":[{"taxonomy":"category","embeddable":true,"href":"https:\/\/www.tormiq.com\/es\/wp-json\/wp\/v2\/categories?post=8195"},{"taxonomy":"post_tag","embeddable":true,"href":"https:\/\/www.tormiq.com\/es\/wp-json\/wp\/v2\/tags?post=8195"}],"curies":[{"name":"wp","href":"https:\/\/api.w.org\/{rel}","templated":true}]}}