{"id":8330,"date":"2025-06-02T11:57:05","date_gmt":"2025-06-02T11:57:05","guid":{"rendered":"https:\/\/www.tormiq.com\/tormiq-imprenta-vuelve-a-ser-galardonada-por-el-gremi-de-la-industria-grafica\/"},"modified":"2025-06-02T11:58:19","modified_gmt":"2025-06-02T11:58:19","slug":"tormiq-imprenta-vuelve-a-ser-galardonada-por-el-gremi-de-la-industria-grafica","status":"publish","type":"post","link":"https:\/\/www.tormiq.com\/es\/tormiq-imprenta-vuelve-a-ser-galardonada-por-el-gremi-de-la-industria-grafica\/","title":{"rendered":"Tormiq Imprenta vuelve a ser galardonada por el Gremi de la Ind\u00fastria Gr\u00e0fica"},"content":{"rendered":"\n<p>\u00a1Nuestro trabajo \u00abOr\u00e1culo Astral\u00bb fue galardonado!<\/p>\n\n<p><span style=\"font-weight: 400;\">Hoy, en Tormiq Imprenta, estamos de celebraci\u00f3n. Para nosotros es un orgullo compartir con vosotros una noticia que nos hace especial ilusi\u00f3n: el pasado viernes 30 de mayo, en la prestigiosa <\/span><b>Gala Gr\u00e0fica 2025<\/b><span style=\"font-weight: 400;\">, organizada por el <\/span><b>GREMI DE LA IND\u00daSTRIA I LA COMUNICACI\u00d3 GR\u00c0FICA DE CATALUNYA<\/b><span style=\"font-weight: 400;\">.<\/span><\/p>\n\n<figure class=\"wp-block-gallery has-nested-images columns-default is-cropped wp-block-gallery-1 is-layout-flex wp-block-gallery-is-layout-flex\">\n<figure class=\"wp-block-image size-large\"><a href=\"https:\/\/www.tormiq.com\/wp-content\/uploads\/2025\/06\/01-1.jpg\"><img loading=\"lazy\" decoding=\"async\" width=\"660\" height=\"826\" data-id=\"8303\" src=\"https:\/\/www.tormiq.com\/wp-content\/uploads\/2025\/06\/01-1.jpg\" alt=\"\" class=\"wp-image-8303\" srcset=\"https:\/\/www.tormiq.com\/wp-content\/uploads\/2025\/06\/01-1.jpg 660w, https:\/\/www.tormiq.com\/wp-content\/uploads\/2025\/06\/01-1-240x300.jpg 240w, https:\/\/www.tormiq.com\/wp-content\/uploads\/2025\/06\/01-1-563x705.jpg 563w\" sizes=\"auto, (max-width: 660px) 100vw, 660px\" \/><\/a><\/figure>\n\n\n\n<figure class=\"wp-block-image size-large\"><a href=\"https:\/\/www.tormiq.com\/wp-content\/uploads\/2025\/06\/02.jpg\"><img loading=\"lazy\" decoding=\"async\" width=\"660\" height=\"761\" data-id=\"8304\" src=\"https:\/\/www.tormiq.com\/wp-content\/uploads\/2025\/06\/02.jpg\" alt=\"\" class=\"wp-image-8304\" srcset=\"https:\/\/www.tormiq.com\/wp-content\/uploads\/2025\/06\/02.jpg 660w, https:\/\/www.tormiq.com\/wp-content\/uploads\/2025\/06\/02-260x300.jpg 260w, https:\/\/www.tormiq.com\/wp-content\/uploads\/2025\/06\/02-611x705.jpg 611w\" sizes=\"auto, (max-width: 660px) 100vw, 660px\" \/><\/a><\/figure>\n\n\n\n<figure class=\"wp-block-image size-large\"><a href=\"https:\/\/www.tormiq.com\/wp-content\/uploads\/2025\/06\/03.jpg\"><img loading=\"lazy\" decoding=\"async\" width=\"660\" height=\"823\" data-id=\"8310\" src=\"https:\/\/www.tormiq.com\/wp-content\/uploads\/2025\/06\/03.jpg\" alt=\"\" class=\"wp-image-8310\" srcset=\"https:\/\/www.tormiq.com\/wp-content\/uploads\/2025\/06\/03.jpg 660w, https:\/\/www.tormiq.com\/wp-content\/uploads\/2025\/06\/03-241x300.jpg 241w, https:\/\/www.tormiq.com\/wp-content\/uploads\/2025\/06\/03-565x705.jpg 565w\" sizes=\"auto, (max-width: 660px) 100vw, 660px\" \/><\/a><\/figure>\n\n\n\n<figure class=\"wp-block-image size-large\"><a href=\"https:\/\/www.tormiq.com\/wp-content\/uploads\/2025\/06\/04.jpg\"><img loading=\"lazy\" decoding=\"async\" width=\"660\" height=\"822\" data-id=\"8312\" src=\"https:\/\/www.tormiq.com\/wp-content\/uploads\/2025\/06\/04.jpg\" alt=\"\" class=\"wp-image-8312\" srcset=\"https:\/\/www.tormiq.com\/wp-content\/uploads\/2025\/06\/04.jpg 660w, https:\/\/www.tormiq.com\/wp-content\/uploads\/2025\/06\/04-241x300.jpg 241w, https:\/\/www.tormiq.com\/wp-content\/uploads\/2025\/06\/04-566x705.jpg 566w\" sizes=\"auto, (max-width: 660px) 100vw, 660px\" \/><\/a><\/figure>\n\n\n\n<figure class=\"wp-block-image size-large\"><a href=\"https:\/\/www.tormiq.com\/wp-content\/uploads\/2025\/06\/05.jpg\"><img loading=\"lazy\" decoding=\"async\" width=\"660\" height=\"820\" data-id=\"8318\" src=\"https:\/\/www.tormiq.com\/wp-content\/uploads\/2025\/06\/05.jpg\" alt=\"\" class=\"wp-image-8318\" srcset=\"https:\/\/www.tormiq.com\/wp-content\/uploads\/2025\/06\/05.jpg 660w, https:\/\/www.tormiq.com\/wp-content\/uploads\/2025\/06\/05-241x300.jpg 241w, https:\/\/www.tormiq.com\/wp-content\/uploads\/2025\/06\/05-567x705.jpg 567w\" sizes=\"auto, (max-width: 660px) 100vw, 660px\" \/><\/a><\/figure>\n\n\n\n<figure class=\"wp-block-image size-large\"><a href=\"https:\/\/www.tormiq.com\/wp-content\/uploads\/2025\/06\/06.jpg\"><img loading=\"lazy\" decoding=\"async\" width=\"660\" height=\"761\" data-id=\"8309\" src=\"https:\/\/www.tormiq.com\/wp-content\/uploads\/2025\/06\/06.jpg\" alt=\"\" class=\"wp-image-8309\" srcset=\"https:\/\/www.tormiq.com\/wp-content\/uploads\/2025\/06\/06.jpg 660w, https:\/\/www.tormiq.com\/wp-content\/uploads\/2025\/06\/06-260x300.jpg 260w, https:\/\/www.tormiq.com\/wp-content\/uploads\/2025\/06\/06-611x705.jpg 611w\" sizes=\"auto, (max-width: 660px) 100vw, 660px\" \/><\/a><\/figure>\n<\/figure>\n\n<div style=\"height:100px\" aria-hidden=\"true\" class=\"wp-block-spacer\"><\/div>\n\n<h2 class=\"wp-block-heading\"><b>El Or\u00e1culo Astral: Magia ilustrada, impresi\u00f3n detallada.<\/b><\/h2>\n\n<p><span style=\"font-weight: 400;\">El \u00abOr\u00e1culo Astral\u00bb, esta pieza m\u00e1gica y especial impresa para la incre\u00edble ilustradora <\/span><b>Elisabet Basanta<\/b><span style=\"font-weight: 400;\"> (alma creativa detr\u00e1s de <\/span><a href=\"https:\/\/www.artelierclub.com\/\"><b>Artelier Club<\/b><\/a><span style=\"font-weight: 400;\">), ha sido el protagonista de este \u00faltimo galard\u00f3n. En Tormiq estamos muy orgullosos de que el \u00abOr\u00e1culo Astral\u00bb resultara galardonado en la categor\u00eda de<strong> \u00abtrabajos varios\u00bb<\/strong> es un honor que resalta la versatilidad y la capacidad de adaptarnos a proyectos \u00fanicos y desafiantes.<\/span><\/p>\n\n<p><span style=\"font-weight: 400;\">Elisabet es una gran ilustradora que sabe muy bien lo que quiere y sabe tambi\u00e9n c\u00f3mo transmitirlo. Esta colaboraci\u00f3n con ella ha sido un verdadero placer. Su confianza en nosotros para materializar el \u00abOr\u00e1culo Astral\u00bb nos permiti\u00f3 volcar nuestra experiencia en la selecci\u00f3n de materiales, acabados y t\u00e9cnicas de impresi\u00f3n para que el resultado final cumpliera las expectativas. Creemos firmemente que los mejores resultados nacen de una estrecha <strong>colaboraci\u00f3n y una comunicaci\u00f3n fluida<\/strong> con nuestros clientes.<\/span><\/p>\n\n<h2 class=\"wp-block-heading\"><b>Una trayectoria reconocida: Segundo premio del Gremi.<\/b><\/h2>\n\n<p><span style=\"font-weight: 400;\">Este reciente \u00e9xito en la Gala Gr\u00e0fica 2025 nos recuerda con cari\u00f1o nuestro primer galard\u00f3n del Gremi en <\/span><b>2022<\/b><span style=\"font-weight: 400;\">. En aquella ocasi\u00f3n, durante la 69\u00aa edici\u00f3n del Concurso de Artes Gr\u00e1ficas, fuimos premiados en la categor\u00eda de <\/span><b>\u00abDisseny de Cat\u00e0leg\u00bb<\/b><span style=\"font-weight: 400;\"> por un proyecto excepcional para la empresa <\/span><b>Yutes<\/b><span style=\"font-weight: 400;\">, dise\u00f1ado por <\/span><a href=\"https:\/\/www.claraxarrie.net\/\"><b>Clara Xarri\u00e9 Studio<\/b><\/a><span style=\"font-weight: 400;\">. Aquel cat\u00e1logo destacaba por su originalidad y sostenibilidad, al incorporar de manera creativa retales de telas sobrantes de los almacenes de Yutes, convirtiendo cada ejemplar en una pieza \u00fanica. (Pod\u00e9is encontrar m\u00e1s informaci\u00f3n sobre este proyecto tan especial <\/span><a href=\"https:\/\/www.claraxarrie.net\/es\/catalogo-yutes-2021\/\"><span style=\"font-weight: 400;\">aqui<\/span><\/a><span style=\"font-weight: 400;\">).<\/span><\/p>\n\n<p><span style=\"font-weight: 400;\">Obtener un segundo reconocimiento por parte del <strong>Gremi de la Ind\u00fastria i Comunicaci\u00f3 Gr\u00e0fica de Catalunya<\/strong> no solo nos llena de orgullo, sino que refuerza nuestra convicci\u00f3n en el camino que hemos elegido.<\/span><\/p>\n\n<h2 class=\"wp-block-heading\"><b>M\u00e1s de 50 a\u00f1os imprimiendo ideas en el coraz\u00f3n de Barcelona.<\/b><\/h2>\n\n<p><span style=\"font-weight: 400;\">Para nosotros, estos premios son mucho m\u00e1s que trofeos. Son un reconocimiento al esfuerzo diario, a la dedicaci\u00f3n y al amor por el arte de la impresi\u00f3n que cultivamos en Tormiq Imprenta desde hace m\u00e1s de cincuenta a\u00f1os, en nuestro querido barrio de Sarri\u00e0 \u2013 Sant Gervasi en Barcelona. Son un reflejo de nuestro compromiso con la calidad, la <strong>atenci\u00f3n personalizada<\/strong> que ofrecemos a cada cliente y la b\u00fasqueda constante de la excelencia en cada detalle, ya sea en impresi\u00f3n offset, digital o en proyectos de gran formato.<\/span><\/p>\n\n<p>Creemos que este tipo de proyectos, que combinan arte, dise\u00f1o y una ejecuci\u00f3n cuidada, son los que realmente aportan valor y demuestran la dedicaci\u00f3n y el saber hacer que buscamos transmitir en cada trabajo. Estos galardones nos impulsan a seguir siendo ese referente de confianza para empresas, particulares, dise\u00f1adores y artistas de Barcelona.<\/p>\n\n<h2 class=\"wp-block-heading\"><b>Un brindis por la creatividad y los proyectos futuros<\/b><\/h2>\n\n<p><span style=\"font-weight: 400;\">Estos reconocimientos en la Gala Gr\u00e0fica nos llenan de energ\u00eda para seguir afrontando nuevos retos y colaborando en proyectos que inspiran. La <strong>industria gr\u00e1fica<\/strong> est\u00e1 en constante evoluci\u00f3n, y en Tormiq Imprenta, trabajamos con el compromiso de evolucionar con ella, ofreciendo no solo impresi\u00f3n, sino soluciones integrales que ayuden a que cada idea brille con luz propia.<\/span><\/p>\n\n<p><span style=\"font-weight: 400;\">Queremos que estos premios sirvan tambi\u00e9n como un ejemplo de c\u00f3mo la impresi\u00f3n de calidad puede elevar un concepto creativo, convirti\u00e9ndolo en una pieza tangible y memorable. Nos esforzamos por crear contenido y trabajos que sean \u00fatiles, \u00fanicos, y tanto el \u00abOr\u00e1culo Astral\u00bb como el cat\u00e1logo de Yutes son testimonio de ello. <strong>Gracias por confiar en Imprenta Tormiq<\/strong>. Sin vosotros, solo ser\u00edamos una gente maja con una m\u00e1quina muy grande.<\/span><\/p>\n\n<p>\u00a1Hasta la pr\u00f3xima y a seguir creando maravillas!<\/p>\n\n<p><\/p>\n","protected":false},"excerpt":{"rendered":"<p>\u00a1Nuestro trabajo \u00abOr\u00e1culo Astral\u00bb fue galardonado! Hoy, en Tormiq Imprenta, estamos de celebraci\u00f3n. Para nosotros es un orgullo compartir con vosotros una noticia que nos hace especial ilusi\u00f3n: el pasado viernes 30 de mayo, en la prestigiosa Gala Gr\u00e0fica 2025, organizada por el GREMI DE LA IND\u00daSTRIA I LA COMUNICACI\u00d3 GR\u00c0FICA DE CATALUNYA. El Or\u00e1culo [&hellip;]<\/p>\n","protected":false},"author":2,"featured_media":8317,"comment_status":"closed","ping_status":"open","sticky":false,"template":"","format":"standard","meta":{"footnotes":""},"categories":[1112,649,969,280,461],"tags":[1119,1117,1118,1121,1120,1122,832,1116,1113,1114,1123,1115],"class_list":["post-8330","post","type-post","status-publish","format-standard","has-post-thumbnail","hentry","category-clientes","category-creativitat-es","category-digital","category-disseny-es","category-impresion","tag-artes-graficas-barcelona-es","tag-elisabet-basanta-es","tag-gala-grafica-2025-es","tag-i-es","tag-imprenta-sarria-sant-gervasi-es","tag-impresion-calidad-barcelona-es","tag-impressio-es","tag-oraculo-astral-es","tag-premio-es","tag-premios-gremi-arts-grafiques","tag-reconocimientos-graficos-es","tag-tormiq-imprenta-es"],"yoast_head":"<!-- This site is optimized with the Yoast SEO plugin v27.4 - https:\/\/yoast.com\/product\/yoast-seo-wordpress\/ -->\n<title>Tormiq Imprenta galardonada Gremi de Catalunya, Barcelona<\/title>\n<meta name=\"description\" content=\"Tormiq Imprenta y el Or\u00e1culo Astral galardonados por el Gremi en Barcelona. Descubre este proyecto m\u00e1gico y nuestra calidad de impresi\u00f3n.\" \/>\n<meta name=\"robots\" content=\"index, follow, max-snippet:-1, max-image-preview:large, max-video-preview:-1\" \/>\n<link rel=\"canonical\" href=\"https:\/\/www.tormiq.com\/es\/tormiq-imprenta-vuelve-a-ser-galardonada-por-el-gremi-de-la-industria-grafica\/\" \/>\n<meta property=\"og:locale\" content=\"es_ES\" \/>\n<meta property=\"og:type\" content=\"article\" \/>\n<meta property=\"og:title\" content=\"Tormiq Imprenta galardonada Gremi de Catalunya, Barcelona\" \/>\n<meta property=\"og:description\" content=\"Tormiq Imprenta y el Or\u00e1culo Astral galardonados por el Gremi en Barcelona. Descubre este proyecto m\u00e1gico y nuestra calidad de impresi\u00f3n.\" \/>\n<meta property=\"og:url\" content=\"https:\/\/www.tormiq.com\/es\/tormiq-imprenta-vuelve-a-ser-galardonada-por-el-gremi-de-la-industria-grafica\/\" \/>\n<meta property=\"og:site_name\" content=\"Tormiq Imprenta Barcelona\" \/>\n<meta property=\"article:publisher\" content=\"https:\/\/www.facebook.com\/tormiq\" \/>\n<meta property=\"article:published_time\" content=\"2025-06-02T11:57:05+00:00\" \/>\n<meta property=\"article:modified_time\" content=\"2025-06-02T11:58:19+00:00\" \/>\n<meta property=\"og:image\" content=\"https:\/\/www.tormiq.com\/wp-content\/uploads\/2025\/06\/03.jpg\" \/>\n\t<meta property=\"og:image:width\" content=\"660\" \/>\n\t<meta property=\"og:image:height\" content=\"823\" \/>\n\t<meta property=\"og:image:type\" content=\"image\/jpeg\" \/>\n<meta name=\"author\" content=\"ru\" \/>\n<meta name=\"twitter:card\" content=\"summary_large_image\" \/>\n<meta name=\"twitter:creator\" content=\"@tormiq_imprenta\" \/>\n<meta name=\"twitter:site\" content=\"@tormiq_imprenta\" \/>\n<meta name=\"twitter:label1\" content=\"Escrito por\" \/>\n\t<meta name=\"twitter:data1\" content=\"ru\" \/>\n\t<meta name=\"twitter:label2\" content=\"Tiempo de lectura\" \/>\n\t<meta name=\"twitter:data2\" content=\"5 minutos\" \/>\n<script type=\"application\/ld+json\" class=\"yoast-schema-graph\">{\"@context\":\"https:\\\/\\\/schema.org\",\"@graph\":[{\"@type\":\"Article\",\"@id\":\"https:\\\/\\\/www.tormiq.com\\\/es\\\/tormiq-imprenta-vuelve-a-ser-galardonada-por-el-gremi-de-la-industria-grafica\\\/#article\",\"isPartOf\":{\"@id\":\"https:\\\/\\\/www.tormiq.com\\\/es\\\/tormiq-imprenta-vuelve-a-ser-galardonada-por-el-gremi-de-la-industria-grafica\\\/\"},\"author\":{\"name\":\"ru\",\"@id\":\"https:\\\/\\\/www.tormiq.com\\\/es\\\/#\\\/schema\\\/person\\\/16dcf2b08023055acce5bc467b2bb2aa\"},\"headline\":\"Tormiq Imprenta vuelve a ser galardonada por el Gremi de la Ind\u00fastria Gr\u00e0fica\",\"datePublished\":\"2025-06-02T11:57:05+00:00\",\"dateModified\":\"2025-06-02T11:58:19+00:00\",\"mainEntityOfPage\":{\"@id\":\"https:\\\/\\\/www.tormiq.com\\\/es\\\/tormiq-imprenta-vuelve-a-ser-galardonada-por-el-gremi-de-la-industria-grafica\\\/\"},\"wordCount\":705,\"publisher\":{\"@id\":\"https:\\\/\\\/www.tormiq.com\\\/es\\\/#organization\"},\"image\":{\"@id\":\"https:\\\/\\\/www.tormiq.com\\\/es\\\/tormiq-imprenta-vuelve-a-ser-galardonada-por-el-gremi-de-la-industria-grafica\\\/#primaryimage\"},\"thumbnailUrl\":\"https:\\\/\\\/www.tormiq.com\\\/wp-content\\\/uploads\\\/2025\\\/06\\\/03.jpg\",\"keywords\":[\"artes graficas Barcelona\",\"Elisabet Basanta\",\"gala grafica 2025\",\"I\",\"Imprenta Sarria Sant Gervasi\",\"Impresi\u00f3n calidad Barcelona\",\"impressi\u00f3\",\"Or\u00e1culo Astral\",\"premio\",\"Premios Gremi Arts Gr\u00e0fiques\",\"reconocimientos gr\u00e1ficos\",\"tormiq imprenta\"],\"articleSection\":[\"Clientes\",\"creativitat\",\"digital\",\"disseny\",\"impresi\u00f3n\"],\"inLanguage\":\"es\"},{\"@type\":\"WebPage\",\"@id\":\"https:\\\/\\\/www.tormiq.com\\\/es\\\/tormiq-imprenta-vuelve-a-ser-galardonada-por-el-gremi-de-la-industria-grafica\\\/\",\"url\":\"https:\\\/\\\/www.tormiq.com\\\/es\\\/tormiq-imprenta-vuelve-a-ser-galardonada-por-el-gremi-de-la-industria-grafica\\\/\",\"name\":\"Tormiq Imprenta galardonada Gremi de Catalunya, Barcelona\",\"isPartOf\":{\"@id\":\"https:\\\/\\\/www.tormiq.com\\\/es\\\/#website\"},\"primaryImageOfPage\":{\"@id\":\"https:\\\/\\\/www.tormiq.com\\\/es\\\/tormiq-imprenta-vuelve-a-ser-galardonada-por-el-gremi-de-la-industria-grafica\\\/#primaryimage\"},\"image\":{\"@id\":\"https:\\\/\\\/www.tormiq.com\\\/es\\\/tormiq-imprenta-vuelve-a-ser-galardonada-por-el-gremi-de-la-industria-grafica\\\/#primaryimage\"},\"thumbnailUrl\":\"https:\\\/\\\/www.tormiq.com\\\/wp-content\\\/uploads\\\/2025\\\/06\\\/03.jpg\",\"datePublished\":\"2025-06-02T11:57:05+00:00\",\"dateModified\":\"2025-06-02T11:58:19+00:00\",\"description\":\"Tormiq Imprenta y el Or\u00e1culo Astral galardonados por el Gremi en Barcelona. Descubre este proyecto m\u00e1gico y nuestra calidad de impresi\u00f3n.\",\"breadcrumb\":{\"@id\":\"https:\\\/\\\/www.tormiq.com\\\/es\\\/tormiq-imprenta-vuelve-a-ser-galardonada-por-el-gremi-de-la-industria-grafica\\\/#breadcrumb\"},\"inLanguage\":\"es\",\"potentialAction\":[{\"@type\":\"ReadAction\",\"target\":[\"https:\\\/\\\/www.tormiq.com\\\/es\\\/tormiq-imprenta-vuelve-a-ser-galardonada-por-el-gremi-de-la-industria-grafica\\\/\"]}]},{\"@type\":\"ImageObject\",\"inLanguage\":\"es\",\"@id\":\"https:\\\/\\\/www.tormiq.com\\\/es\\\/tormiq-imprenta-vuelve-a-ser-galardonada-por-el-gremi-de-la-industria-grafica\\\/#primaryimage\",\"url\":\"https:\\\/\\\/www.tormiq.com\\\/wp-content\\\/uploads\\\/2025\\\/06\\\/03.jpg\",\"contentUrl\":\"https:\\\/\\\/www.tormiq.com\\\/wp-content\\\/uploads\\\/2025\\\/06\\\/03.jpg\",\"width\":660,\"height\":823,\"caption\":\"Oraculo Astral impreso por Tormiq Imprenta Barcelona\"},{\"@type\":\"BreadcrumbList\",\"@id\":\"https:\\\/\\\/www.tormiq.com\\\/es\\\/tormiq-imprenta-vuelve-a-ser-galardonada-por-el-gremi-de-la-industria-grafica\\\/#breadcrumb\",\"itemListElement\":[{\"@type\":\"ListItem\",\"position\":1,\"name\":\"Portada\",\"item\":\"https:\\\/\\\/www.tormiq.com\\\/es\\\/imprenta_barcelona\\\/\"},{\"@type\":\"ListItem\",\"position\":2,\"name\":\"Tormiq Imprenta vuelve a ser galardonada por el Gremi de la Ind\u00fastria Gr\u00e0fica\"}]},{\"@type\":\"WebSite\",\"@id\":\"https:\\\/\\\/www.tormiq.com\\\/es\\\/#website\",\"url\":\"https:\\\/\\\/www.tormiq.com\\\/es\\\/\",\"name\":\"Tormiq Imprenta Barcelona\",\"description\":\"Tormiq Imprenta - (Sarri\u00e0-St. Gervasi, Barcelona)\",\"publisher\":{\"@id\":\"https:\\\/\\\/www.tormiq.com\\\/es\\\/#organization\"},\"potentialAction\":[{\"@type\":\"SearchAction\",\"target\":{\"@type\":\"EntryPoint\",\"urlTemplate\":\"https:\\\/\\\/www.tormiq.com\\\/es\\\/?s={search_term_string}\"},\"query-input\":{\"@type\":\"PropertyValueSpecification\",\"valueRequired\":true,\"valueName\":\"search_term_string\"}}],\"inLanguage\":\"es\"},{\"@type\":\"Organization\",\"@id\":\"https:\\\/\\\/www.tormiq.com\\\/es\\\/#organization\",\"name\":\"Tormiq Imprenta\",\"alternateName\":\"Tormiq Imprenta Barcelona\",\"url\":\"https:\\\/\\\/www.tormiq.com\\\/es\\\/\",\"logo\":{\"@type\":\"ImageObject\",\"inLanguage\":\"es\",\"@id\":\"https:\\\/\\\/www.tormiq.com\\\/es\\\/#\\\/schema\\\/logo\\\/image\\\/\",\"url\":\"https:\\\/\\\/www.tormiq.com\\\/wp-content\\\/uploads\\\/2013\\\/04\\\/cropped-tormiq_lg2.jpg\",\"contentUrl\":\"https:\\\/\\\/www.tormiq.com\\\/wp-content\\\/uploads\\\/2013\\\/04\\\/cropped-tormiq_lg2.jpg\",\"width\":512,\"height\":512,\"caption\":\"Tormiq Imprenta\"},\"image\":{\"@id\":\"https:\\\/\\\/www.tormiq.com\\\/es\\\/#\\\/schema\\\/logo\\\/image\\\/\"},\"sameAs\":[\"https:\\\/\\\/www.facebook.com\\\/tormiq\",\"https:\\\/\\\/x.com\\\/tormiq_imprenta\",\"https:\\\/\\\/instagram.com\\\/tormiq_impremta\\\/\",\"https:\\\/\\\/www.linkedin.com\\\/company\\\/tormiq-s-l-impremta\",\"https:\\\/\\\/es.pinterest.com\\\/tormiq\\\/\",\"https:\\\/\\\/www.youtube.com\\\/@Tormiq\",\"https:\\\/\\\/twitter.com\\\/tormiq_impremta\"]},{\"@type\":\"Person\",\"@id\":\"https:\\\/\\\/www.tormiq.com\\\/es\\\/#\\\/schema\\\/person\\\/16dcf2b08023055acce5bc467b2bb2aa\",\"name\":\"ru\",\"url\":\"https:\\\/\\\/www.tormiq.com\\\/es\\\/author\\\/achilifunki\\\/\"}]}<\/script>\n<!-- \/ Yoast SEO plugin. -->","yoast_head_json":{"title":"Tormiq Imprenta galardonada Gremi de Catalunya, Barcelona","description":"Tormiq Imprenta y el Or\u00e1culo Astral galardonados por el Gremi en Barcelona. Descubre este proyecto m\u00e1gico y nuestra calidad de impresi\u00f3n.","robots":{"index":"index","follow":"follow","max-snippet":"max-snippet:-1","max-image-preview":"max-image-preview:large","max-video-preview":"max-video-preview:-1"},"canonical":"https:\/\/www.tormiq.com\/es\/tormiq-imprenta-vuelve-a-ser-galardonada-por-el-gremi-de-la-industria-grafica\/","og_locale":"es_ES","og_type":"article","og_title":"Tormiq Imprenta galardonada Gremi de Catalunya, Barcelona","og_description":"Tormiq Imprenta y el Or\u00e1culo Astral galardonados por el Gremi en Barcelona. Descubre este proyecto m\u00e1gico y nuestra calidad de impresi\u00f3n.","og_url":"https:\/\/www.tormiq.com\/es\/tormiq-imprenta-vuelve-a-ser-galardonada-por-el-gremi-de-la-industria-grafica\/","og_site_name":"Tormiq Imprenta Barcelona","article_publisher":"https:\/\/www.facebook.com\/tormiq","article_published_time":"2025-06-02T11:57:05+00:00","article_modified_time":"2025-06-02T11:58:19+00:00","og_image":[{"width":660,"height":823,"url":"https:\/\/www.tormiq.com\/wp-content\/uploads\/2025\/06\/03.jpg","type":"image\/jpeg"}],"author":"ru","twitter_card":"summary_large_image","twitter_creator":"@tormiq_imprenta","twitter_site":"@tormiq_imprenta","twitter_misc":{"Escrito por":"ru","Tiempo de lectura":"5 minutos"},"schema":{"@context":"https:\/\/schema.org","@graph":[{"@type":"Article","@id":"https:\/\/www.tormiq.com\/es\/tormiq-imprenta-vuelve-a-ser-galardonada-por-el-gremi-de-la-industria-grafica\/#article","isPartOf":{"@id":"https:\/\/www.tormiq.com\/es\/tormiq-imprenta-vuelve-a-ser-galardonada-por-el-gremi-de-la-industria-grafica\/"},"author":{"name":"ru","@id":"https:\/\/www.tormiq.com\/es\/#\/schema\/person\/16dcf2b08023055acce5bc467b2bb2aa"},"headline":"Tormiq Imprenta vuelve a ser galardonada por el Gremi de la Ind\u00fastria Gr\u00e0fica","datePublished":"2025-06-02T11:57:05+00:00","dateModified":"2025-06-02T11:58:19+00:00","mainEntityOfPage":{"@id":"https:\/\/www.tormiq.com\/es\/tormiq-imprenta-vuelve-a-ser-galardonada-por-el-gremi-de-la-industria-grafica\/"},"wordCount":705,"publisher":{"@id":"https:\/\/www.tormiq.com\/es\/#organization"},"image":{"@id":"https:\/\/www.tormiq.com\/es\/tormiq-imprenta-vuelve-a-ser-galardonada-por-el-gremi-de-la-industria-grafica\/#primaryimage"},"thumbnailUrl":"https:\/\/www.tormiq.com\/wp-content\/uploads\/2025\/06\/03.jpg","keywords":["artes graficas Barcelona","Elisabet Basanta","gala grafica 2025","I","Imprenta Sarria Sant Gervasi","Impresi\u00f3n calidad Barcelona","impressi\u00f3","Or\u00e1culo Astral","premio","Premios Gremi Arts Gr\u00e0fiques","reconocimientos gr\u00e1ficos","tormiq imprenta"],"articleSection":["Clientes","creativitat","digital","disseny","impresi\u00f3n"],"inLanguage":"es"},{"@type":"WebPage","@id":"https:\/\/www.tormiq.com\/es\/tormiq-imprenta-vuelve-a-ser-galardonada-por-el-gremi-de-la-industria-grafica\/","url":"https:\/\/www.tormiq.com\/es\/tormiq-imprenta-vuelve-a-ser-galardonada-por-el-gremi-de-la-industria-grafica\/","name":"Tormiq Imprenta galardonada Gremi de Catalunya, Barcelona","isPartOf":{"@id":"https:\/\/www.tormiq.com\/es\/#website"},"primaryImageOfPage":{"@id":"https:\/\/www.tormiq.com\/es\/tormiq-imprenta-vuelve-a-ser-galardonada-por-el-gremi-de-la-industria-grafica\/#primaryimage"},"image":{"@id":"https:\/\/www.tormiq.com\/es\/tormiq-imprenta-vuelve-a-ser-galardonada-por-el-gremi-de-la-industria-grafica\/#primaryimage"},"thumbnailUrl":"https:\/\/www.tormiq.com\/wp-content\/uploads\/2025\/06\/03.jpg","datePublished":"2025-06-02T11:57:05+00:00","dateModified":"2025-06-02T11:58:19+00:00","description":"Tormiq Imprenta y el Or\u00e1culo Astral galardonados por el Gremi en Barcelona. Descubre este proyecto m\u00e1gico y nuestra calidad de impresi\u00f3n.","breadcrumb":{"@id":"https:\/\/www.tormiq.com\/es\/tormiq-imprenta-vuelve-a-ser-galardonada-por-el-gremi-de-la-industria-grafica\/#breadcrumb"},"inLanguage":"es","potentialAction":[{"@type":"ReadAction","target":["https:\/\/www.tormiq.com\/es\/tormiq-imprenta-vuelve-a-ser-galardonada-por-el-gremi-de-la-industria-grafica\/"]}]},{"@type":"ImageObject","inLanguage":"es","@id":"https:\/\/www.tormiq.com\/es\/tormiq-imprenta-vuelve-a-ser-galardonada-por-el-gremi-de-la-industria-grafica\/#primaryimage","url":"https:\/\/www.tormiq.com\/wp-content\/uploads\/2025\/06\/03.jpg","contentUrl":"https:\/\/www.tormiq.com\/wp-content\/uploads\/2025\/06\/03.jpg","width":660,"height":823,"caption":"Oraculo Astral impreso por Tormiq Imprenta Barcelona"},{"@type":"BreadcrumbList","@id":"https:\/\/www.tormiq.com\/es\/tormiq-imprenta-vuelve-a-ser-galardonada-por-el-gremi-de-la-industria-grafica\/#breadcrumb","itemListElement":[{"@type":"ListItem","position":1,"name":"Portada","item":"https:\/\/www.tormiq.com\/es\/imprenta_barcelona\/"},{"@type":"ListItem","position":2,"name":"Tormiq Imprenta vuelve a ser galardonada por el Gremi de la Ind\u00fastria Gr\u00e0fica"}]},{"@type":"WebSite","@id":"https:\/\/www.tormiq.com\/es\/#website","url":"https:\/\/www.tormiq.com\/es\/","name":"Tormiq Imprenta Barcelona","description":"Tormiq Imprenta - (Sarri\u00e0-St. Gervasi, Barcelona)","publisher":{"@id":"https:\/\/www.tormiq.com\/es\/#organization"},"potentialAction":[{"@type":"SearchAction","target":{"@type":"EntryPoint","urlTemplate":"https:\/\/www.tormiq.com\/es\/?s={search_term_string}"},"query-input":{"@type":"PropertyValueSpecification","valueRequired":true,"valueName":"search_term_string"}}],"inLanguage":"es"},{"@type":"Organization","@id":"https:\/\/www.tormiq.com\/es\/#organization","name":"Tormiq Imprenta","alternateName":"Tormiq Imprenta Barcelona","url":"https:\/\/www.tormiq.com\/es\/","logo":{"@type":"ImageObject","inLanguage":"es","@id":"https:\/\/www.tormiq.com\/es\/#\/schema\/logo\/image\/","url":"https:\/\/www.tormiq.com\/wp-content\/uploads\/2013\/04\/cropped-tormiq_lg2.jpg","contentUrl":"https:\/\/www.tormiq.com\/wp-content\/uploads\/2013\/04\/cropped-tormiq_lg2.jpg","width":512,"height":512,"caption":"Tormiq Imprenta"},"image":{"@id":"https:\/\/www.tormiq.com\/es\/#\/schema\/logo\/image\/"},"sameAs":["https:\/\/www.facebook.com\/tormiq","https:\/\/x.com\/tormiq_imprenta","https:\/\/instagram.com\/tormiq_impremta\/","https:\/\/www.linkedin.com\/company\/tormiq-s-l-impremta","https:\/\/es.pinterest.com\/tormiq\/","https:\/\/www.youtube.com\/@Tormiq","https:\/\/twitter.com\/tormiq_impremta"]},{"@type":"Person","@id":"https:\/\/www.tormiq.com\/es\/#\/schema\/person\/16dcf2b08023055acce5bc467b2bb2aa","name":"ru","url":"https:\/\/www.tormiq.com\/es\/author\/achilifunki\/"}]}},"_links":{"self":[{"href":"https:\/\/www.tormiq.com\/es\/wp-json\/wp\/v2\/posts\/8330","targetHints":{"allow":["GET"]}}],"collection":[{"href":"https:\/\/www.tormiq.com\/es\/wp-json\/wp\/v2\/posts"}],"about":[{"href":"https:\/\/www.tormiq.com\/es\/wp-json\/wp\/v2\/types\/post"}],"author":[{"embeddable":true,"href":"https:\/\/www.tormiq.com\/es\/wp-json\/wp\/v2\/users\/2"}],"replies":[{"embeddable":true,"href":"https:\/\/www.tormiq.com\/es\/wp-json\/wp\/v2\/comments?post=8330"}],"version-history":[{"count":1,"href":"https:\/\/www.tormiq.com\/es\/wp-json\/wp\/v2\/posts\/8330\/revisions"}],"predecessor-version":[{"id":8331,"href":"https:\/\/www.tormiq.com\/es\/wp-json\/wp\/v2\/posts\/8330\/revisions\/8331"}],"wp:featuredmedia":[{"embeddable":true,"href":"https:\/\/www.tormiq.com\/es\/wp-json\/wp\/v2\/media\/8317"}],"wp:attachment":[{"href":"https:\/\/www.tormiq.com\/es\/wp-json\/wp\/v2\/media?parent=8330"}],"wp:term":[{"taxonomy":"category","embeddable":true,"href":"https:\/\/www.tormiq.com\/es\/wp-json\/wp\/v2\/categories?post=8330"},{"taxonomy":"post_tag","embeddable":true,"href":"https:\/\/www.tormiq.com\/es\/wp-json\/wp\/v2\/tags?post=8330"}],"curies":[{"name":"wp","href":"https:\/\/api.w.org\/{rel}","templated":true}]}}